{"id":57302,"date":"2025-06-30T16:29:00","date_gmt":"2025-06-30T19:29:00","guid":{"rendered":"https:\/\/www.radiopresidenteibanez.cl\/web\/?p=57302"},"modified":"2025-06-30T15:19:45","modified_gmt":"2025-06-30T18:19:45","slug":"minvu-licita-construccion-de-su-primer-edifico-institucional-en-punta-arenas","status":"publish","type":"post","link":"https:\/\/www.radiopresidenteibanez.cl\/web\/minvu-licita-construccion-de-su-primer-edifico-institucional-en-punta-arenas\/","title":{"rendered":"Minvu licita construcci\u00f3n de su primer edifico institucional en Punta Arenas"},"content":{"rendered":"\n<p>&nbsp;\u201cEste a\u00f1o nuestro Ministerio cumple seis d\u00e9cadas de existencia y uno de los hitos que marcar\u00e1 esta fecha ser\u00e1 el inicio de la construcci\u00f3n de nuestro primer edificio institucional, que se convertir\u00e1 en un aporte urbano para la ciudad. La licitaci\u00f3n es una excelente noticia para los equipos de la Seremi y el Serviu Regional que han esperado por a\u00f1os contar con sus propias dependencias y por supuesto, para nuestras usuarias y usuarios que tendr\u00e1n mejores espacios de atenci\u00f3n y reuni\u00f3n\u201d, adelant\u00f3 Marco Uribe Saldivia, Seremi de Vivienda y Urbanismo.<\/p>\n\n\n\n<p>La dotaci\u00f3n actual del Minvu en Punta Arenas est\u00e1 compuesta por 41 funcionarios\/as de la Secretar\u00eda Regional Ministerial y 112 integrantes del Servicio de Vivienda y Urbanizaci\u00f3n, cuyos departamentos y direcciones, se distribuyen en diferentes pisos del edificio de los Servicios P\u00fablicos, ubicado en calle Croacia con Carlos Bories. Se trata del \u00fanico equipo regional del Minvu que no cuenta con edificio propio, por lo que esta obra brindar\u00e1 un mejor entorno laboral<\/p>\n\n\n\n<p>El Director Regional (S) del Serviu, Omar Gonz\u00e1lez Asenjo, inform\u00f3 que \u201cLa licitaci\u00f3n de estas obras es un gran trabajo conjunto de los funcionarios y funcionarias del Serviu y la Seremi, esperamos adjudicar durante este a\u00f1o para que inicie este proyecto que es emblem\u00e1tico para nuestro Ministerio y que equiparar\u00e1 nuestras condiciones de trabajo a las del resto del pa\u00eds\u201d.<\/p>\n\n\n\n<p>El nuevo edificio alcanzar\u00e1 una superficie construida de 10.850 metros cuadrados, distribuidos en 5 pisos de altura y subterr\u00e1neo. Estar\u00e1 ubicado en Croacia N\u00b01423, en un terreno propio y otros aleda\u00f1os en proceso de expropiaci\u00f3n, lo que fue publicado a mediados de este mes y cuyo programa expropiatorio se aprob\u00f3 a trav\u00e9s del Decreto Exento N\u00b0 71 del Minvu, del 21 de noviembre de 2024. En tanto en diciembre de 2024 se obtuvo la recomendaci\u00f3n satisfactoria para la construcci\u00f3n del edificio.<\/p>\n\n\n\n<p>El presupuesto total asignado por el Minvu para concretar esta iniciativa es de 29.478 millones de pesos. Una vez adjudicadas las obras, el plazo de construcci\u00f3n ser\u00e1 de 36 meses.<\/p>\n","protected":false},"excerpt":{"rendered":"<p>&nbsp;\u201cEste a\u00f1o nuestro Ministerio cumple seis d\u00e9cadas de existencia y uno de los hitos que marcar\u00e1 esta fecha ser\u00e1 el inicio de la construcci\u00f3n de nuestro primer edificio institucional, que&#8230; <a class=\"read-more\" href=\"https:\/\/www.radiopresidenteibanez.cl\/web\/minvu-licita-construccion-de-su-primer-edifico-institucional-en-punta-arenas\/\">Leer m\u00e1s<\/a><\/p>\n","protected":false},"author":2,"featured_media":57303,"comment_status":"closed","ping_status":"closed","sticky":false,"template":"","format":"standard","meta":{"footnotes":""},"categories":[1],"tags":[],"class_list":["post-57302","post","type-post","status-publish","format-standard","has-post-thumbnail","hentry","category-cronica"],"_links":{"self":[{"href":"https:\/\/www.radiopresidenteibanez.cl\/web\/wp-json\/wp\/v2\/posts\/57302","targetHints":{"allow":["GET"]}}],"collection":[{"href":"https:\/\/www.radiopresidenteibanez.cl\/web\/wp-json\/wp\/v2\/posts"}],"about":[{"href":"https:\/\/www.radiopresidenteibanez.cl\/web\/wp-json\/wp\/v2\/types\/post"}],"author":[{"embeddable":true,"href":"https:\/\/www.radiopresidenteibanez.cl\/web\/wp-json\/wp\/v2\/users\/2"}],"replies":[{"embeddable":true,"href":"https:\/\/www.radiopresidenteibanez.cl\/web\/wp-json\/wp\/v2\/comments?post=57302"}],"version-history":[{"count":0,"href":"https:\/\/www.radiopresidenteibanez.cl\/web\/wp-json\/wp\/v2\/posts\/57302\/revisions"}],"wp:featuredmedia":[{"embeddable":true,"href":"https:\/\/www.radiopresidenteibanez.cl\/web\/wp-json\/wp\/v2\/media\/57303"}],"wp:attachment":[{"href":"https:\/\/www.radiopresidenteibanez.cl\/web\/wp-json\/wp\/v2\/media?parent=57302"}],"wp:term":[{"taxonomy":"category","embeddable":true,"href":"https:\/\/www.radiopresidenteibanez.cl\/web\/wp-json\/wp\/v2\/categories?post=57302"},{"taxonomy":"post_tag","embeddable":true,"href":"https:\/\/www.radiopresidenteibanez.cl\/web\/wp-json\/wp\/v2\/tags?post=57302"}],"curies":[{"name":"wp","href":"https:\/\/api.w.org\/{rel}","templated":true}]}}