{"id":5730,"date":"2019-07-15T14:57:02","date_gmt":"2019-07-15T14:57:02","guid":{"rendered":"http:\/\/www.radiopresidenteibanez.cl\/web\/?p=5730"},"modified":"2019-07-15T14:57:16","modified_gmt":"2019-07-15T14:57:16","slug":"voraz-incendio-consumio-dos-viviendas-en-el-centro-de-punta-arenas","status":"publish","type":"post","link":"https:\/\/www.radiopresidenteibanez.cl\/web\/voraz-incendio-consumio-dos-viviendas-en-el-centro-de-punta-arenas\/","title":{"rendered":"VORAZ INCENDIO CONSUMI\u00d3 DOS VIVIENDAS EN EL CENTRO DE PUNTA ARENAS"},"content":{"rendered":"\n<p>Seis compa\u00f1\u00edas de Bomberos, debieron concurrir hasta una\nvivienda ubicada en calle Errazuriz entre Avenida Espa\u00f1a y calle Se\u00f1oret, en la\noportunidad el fuego consumi\u00f3 dos viviendas y dejo a una mujer con lesiones debido\na quemaduras en las manos.<\/p>\n\n\n\n<p>Hasta el momento se desconoce como habr\u00eda comenzado las\nllamas, por lo cual se est\u00e1n realizando las pericias correspondientes,\nmencionar tambi\u00e9n que Bomberos mantuvo problemas por la baja presi\u00f3n de agua en\nlos grifos del sector.<\/p>\n\n\n\n<p>En la ocasi\u00f3n tambi\u00e9n trabajo personal de Carabineros y\nSamu.<\/p>\n","protected":false},"excerpt":{"rendered":"<p>Seis compa\u00f1\u00edas de Bomberos, debieron concurrir hasta una vivienda ubicada en calle Errazuriz entre Avenida Espa\u00f1a y calle Se\u00f1oret, en la oportunidad el fuego consumi\u00f3 dos viviendas y dejo a&#8230; <a class=\"read-more\" href=\"https:\/\/www.radiopresidenteibanez.cl\/web\/voraz-incendio-consumio-dos-viviendas-en-el-centro-de-punta-arenas\/\">Leer m\u00e1s<\/a><\/p>\n","protected":false},"author":2,"featured_media":5731,"comment_status":"closed","ping_status":"closed","sticky":false,"template":"","format":"standard","meta":{"footnotes":""},"categories":[1],"tags":[],"class_list":["post-5730","post","type-post","status-publish","format-standard","has-post-thumbnail","hentry","category-cronica"],"_links":{"self":[{"href":"https:\/\/www.radiopresidenteibanez.cl\/web\/wp-json\/wp\/v2\/posts\/5730","targetHints":{"allow":["GET"]}}],"collection":[{"href":"https:\/\/www.radiopresidenteibanez.cl\/web\/wp-json\/wp\/v2\/posts"}],"about":[{"href":"https:\/\/www.radiopresidenteibanez.cl\/web\/wp-json\/wp\/v2\/types\/post"}],"author":[{"embeddable":true,"href":"https:\/\/www.radiopresidenteibanez.cl\/web\/wp-json\/wp\/v2\/users\/2"}],"replies":[{"embeddable":true,"href":"https:\/\/www.radiopresidenteibanez.cl\/web\/wp-json\/wp\/v2\/comments?post=5730"}],"version-history":[{"count":0,"href":"https:\/\/www.radiopresidenteibanez.cl\/web\/wp-json\/wp\/v2\/posts\/5730\/revisions"}],"wp:featuredmedia":[{"embeddable":true,"href":"https:\/\/www.radiopresidenteibanez.cl\/web\/wp-json\/wp\/v2\/media\/5731"}],"wp:attachment":[{"href":"https:\/\/www.radiopresidenteibanez.cl\/web\/wp-json\/wp\/v2\/media?parent=5730"}],"wp:term":[{"taxonomy":"category","embeddable":true,"href":"https:\/\/www.radiopresidenteibanez.cl\/web\/wp-json\/wp\/v2\/categories?post=5730"},{"taxonomy":"post_tag","embeddable":true,"href":"https:\/\/www.radiopresidenteibanez.cl\/web\/wp-json\/wp\/v2\/tags?post=5730"}],"curies":[{"name":"wp","href":"https:\/\/api.w.org\/{rel}","templated":true}]}}