{"id":57296,"date":"2025-06-30T14:57:00","date_gmt":"2025-06-30T17:57:00","guid":{"rendered":"https:\/\/www.radiopresidenteibanez.cl\/web\/?p=57296"},"modified":"2025-06-30T11:24:16","modified_gmt":"2025-06-30T14:24:16","slug":"concurso-fotografico-ojo-de-pez-2025-extiende-su-duodecima-convocatoria-hasta-el-1-de-julio","status":"publish","type":"post","link":"https:\/\/www.radiopresidenteibanez.cl\/web\/concurso-fotografico-ojo-de-pez-2025-extiende-su-duodecima-convocatoria-hasta-el-1-de-julio\/","title":{"rendered":"Concurso fotogr\u00e1fico \u201cOjo de Pez\u201d 2025 extiende su duod\u00e9cima convocatoria hasta el 1 de Julio"},"content":{"rendered":"\n<p>Hasta el martes 1 de julio, a las 16:00 (hora de Chile continental), permanecer\u00e1 abierta la<br>duod\u00e9cima edici\u00f3n del Concurso Fotogr\u00e1fico Ojo de Pez. La iniciativa organizada por<br>el&nbsp;Centro de Investigaci\u00f3n Din\u00e1mica de Ecosistemas Marinos de Altas Latitudes (IDEAL)&nbsp;y<br>el&nbsp;Instituto de Ciencias Marinas y Limnol\u00f3gicas (ICML) busca retratar la belleza, diversidad,<br>amenazas y actividades productivas del mundo acu\u00e1tico chileno.<br>Durante once a\u00f1os, Ojo de Pez ha buscado inspirar a nuevas generaciones de fot\u00f3grafas<br>y fot\u00f3grafos de naturaleza para cultivar una mirada m\u00e1s atenta y respetuosa hacia el<br>entorno. \u201cCreemos que Ojo de Pez ha sido clave para formar una comunidad de<br>fot\u00f3grafos conscientes, capaces de revelar la urgencia y la belleza de proteger nuestros<br>ecosistemas a trav\u00e9s de su lente.\u201d, asegura el Dr. Jos\u00e9 Garc\u00e9s-Vargas, ocean\u00f3grafo f\u00edsico,<br>investigador del Centro IDEAL, acad\u00e9mico del ICML y coordinador de la iniciativa.<br>El concurso que cuenta con el auspicio de la Facultad de Ciencias, el proyecto Ciencia para<br>la Innovaci\u00f3n 2030 \u2013 Consorcio Sur-Subant\u00e1rtico (Ci2030), el Proyecto Fondecyt 1241571,<br>adem\u00e1s del apoyo del Museo de la Exploraci\u00f3n R. A. Philippi, Ciencia Inquieta y Fundaci\u00f3n<br>Corallina, tiene tres categor\u00edas de participaci\u00f3n:<br>Paisaje, trabajo y conservaci\u00f3n acu\u00e1tica: escenas de r\u00edos, estuarios, lagos, humedales o<br>mar que muestren paisajes, oficios vinculados al agua o iniciativas de preservaci\u00f3n.<br>Flora y fauna acu\u00e1tica: im\u00e1genes que destaquen la biodiversidad de los ecosistemas<br>acu\u00e1ticos.<br>Ambientes ant\u00e1rticos y subant\u00e1rticos: fotograf\u00edas tomadas en Ays\u00e9n, Magallanes o la<br>Ant\u00e1rtica Chilena que aborden las categor\u00edas anteriores.<br>All\u00ed, las y los participantes podr\u00e1n presentar hasta tres fotograf\u00edas entre las tres categor\u00edas<br>existentes.<\/p>\n\n\n\n<p>Organizaci\u00f3n<br>El jurado 2025 est\u00e1 integrado por referentes de la divulgaci\u00f3n cient\u00edfica y la fotograf\u00eda:<br>N\u00e9lida Pohl, Nadia Politis, Cristi\u00e1n Campos Melo, Eduardo Sorensen y Patricio Riquelme<br>Fagerstr\u00f6m.<br>Pueden participar en el concurso todas las personas mayores de 18 a\u00f1os que cuenten con<br>Rut chileno que completen el formulario disponible en el sitio web ojopez.cl. La fecha<br>l\u00edmite para la recepci\u00f3n de fotograf\u00edas ser\u00e1 el 01 de julio a las 16 horas (hora local de Chile<br>continental, UTC-4).<br>Las fotograf\u00edas deben estar en formato JPG, en color o en blanco y negro, con un peso<br>m\u00ednimo de 5 MB y m\u00e1ximo de 15 MB. No se aceptar\u00e1n im\u00e1genes con marcas de agua,<br>nombres o pseud\u00f3nimos visibles, ni aquellas que hayan sido generadas mediante<br>inteligencia artificial, escaneadas o que correspondan a fotomontajes.<br>Las bases completas est\u00e1n disponibles en ojopez.cl.<br>Consultas: concurso@ojopez.cl<\/p>\n","protected":false},"excerpt":{"rendered":"<p>Hasta el martes 1 de julio, a las 16:00 (hora de Chile continental), permanecer\u00e1 abierta laduod\u00e9cima edici\u00f3n del Concurso Fotogr\u00e1fico Ojo de Pez. La iniciativa organizada porel&nbsp;Centro de Investigaci\u00f3n Din\u00e1mica&#8230; <a class=\"read-more\" href=\"https:\/\/www.radiopresidenteibanez.cl\/web\/concurso-fotografico-ojo-de-pez-2025-extiende-su-duodecima-convocatoria-hasta-el-1-de-julio\/\">Leer m\u00e1s<\/a><\/p>\n","protected":false},"author":2,"featured_media":57297,"comment_status":"closed","ping_status":"closed","sticky":false,"template":"","format":"standard","meta":{"footnotes":""},"categories":[1],"tags":[],"class_list":["post-57296","post","type-post","status-publish","format-standard","has-post-thumbnail","hentry","category-cronica"],"_links":{"self":[{"href":"https:\/\/www.radiopresidenteibanez.cl\/web\/wp-json\/wp\/v2\/posts\/57296","targetHints":{"allow":["GET"]}}],"collection":[{"href":"https:\/\/www.radiopresidenteibanez.cl\/web\/wp-json\/wp\/v2\/posts"}],"about":[{"href":"https:\/\/www.radiopresidenteibanez.cl\/web\/wp-json\/wp\/v2\/types\/post"}],"author":[{"embeddable":true,"href":"https:\/\/www.radiopresidenteibanez.cl\/web\/wp-json\/wp\/v2\/users\/2"}],"replies":[{"embeddable":true,"href":"https:\/\/www.radiopresidenteibanez.cl\/web\/wp-json\/wp\/v2\/comments?post=57296"}],"version-history":[{"count":0,"href":"https:\/\/www.radiopresidenteibanez.cl\/web\/wp-json\/wp\/v2\/posts\/57296\/revisions"}],"wp:featuredmedia":[{"embeddable":true,"href":"https:\/\/www.radiopresidenteibanez.cl\/web\/wp-json\/wp\/v2\/media\/57297"}],"wp:attachment":[{"href":"https:\/\/www.radiopresidenteibanez.cl\/web\/wp-json\/wp\/v2\/media?parent=57296"}],"wp:term":[{"taxonomy":"category","embeddable":true,"href":"https:\/\/www.radiopresidenteibanez.cl\/web\/wp-json\/wp\/v2\/categories?post=57296"},{"taxonomy":"post_tag","embeddable":true,"href":"https:\/\/www.radiopresidenteibanez.cl\/web\/wp-json\/wp\/v2\/tags?post=57296"}],"curies":[{"name":"wp","href":"https:\/\/api.w.org\/{rel}","templated":true}]}}