{"id":57293,"date":"2025-06-30T13:06:00","date_gmt":"2025-06-30T16:06:00","guid":{"rendered":"https:\/\/www.radiopresidenteibanez.cl\/web\/?p=57293"},"modified":"2025-06-30T11:10:41","modified_gmt":"2025-06-30T14:10:41","slug":"edelmag-potencia-el-poder-femenino-lidia-lizana-y-gabriela-leiva-seleccionadas-para-women-in-energy","status":"publish","type":"post","link":"https:\/\/www.radiopresidenteibanez.cl\/web\/edelmag-potencia-el-poder-femenino-lidia-lizana-y-gabriela-leiva-seleccionadas-para-women-in-energy\/","title":{"rendered":"EDELMAG potencia el poder femenino: Lidia Lizana y Gabriela Leiva seleccionadas para Women in Energy"},"content":{"rendered":"\n<p>Dos trabajadoras de EDELMAG est\u00e1n abriendo camino en el sector energ\u00e9tico al ser<br>parte de la 7\u00b0 generaci\u00f3n del programa Women in Energy de WEC Chile, iniciativa que<br>busca fortalecer el liderazgo femenino en una industria hist\u00f3ricamente masculina.<br>Ellas son Lidia Lizana y Gabriela Leiva, profesionales con trayectorias distintas pero un<br>mismo prop\u00f3sito: crecer, inspirar y aportar al desarrollo energ\u00e9tico con una perspectiva<br>diversa y transformadora.<br>La participaci\u00f3n de ambas fue impulsada por EDELMAG como parte de su compromiso<br>con la equidad de g\u00e9nero y el desarrollo de talento femenino. La empresa promovi\u00f3<br>activamente su postulaci\u00f3n al programa, convencida de que fomentar la presencia de<br>mujeres en espacios de liderazgo enriquece a las personas, fortalece a la organizaci\u00f3n y<br>al sector energ\u00e9tico.<br>Gabriela Leiva, ingeniera comercial, forma parte de EDELMAG desde 2021. Postul\u00f3 al<br>programa motivada por el deseo de desarrollarse en un entorno hist\u00f3ricamente liderado<br>por hombres. \u201cComo mujer y joven profesional, mi inter\u00e9s es adquirir herramientas de<br>comunicaci\u00f3n y liderazgo que fortalezcan mi desarrollo. Cada vez m\u00e1s mujeres acceden a<br>espacios de decisi\u00f3n, y este tipo de iniciativas lo hacen posible\u201d, afirma.<br>Para Gabriela, esta instancia es una oportunidad para crecer y conectar: \u201cMe entusiasma<br>compartir experiencias, crear redes con otras mujeres del sector y fortalecer mis<br>capacidades. Tambi\u00e9n espero, a futuro, acompa\u00f1ar a otras mujeres para que se integren<br>a este mundo\u201d.<br>Experiencia que inspira<br>Lidia Lizana, contadora auditora con una s\u00f3lida trayectoria en el rubro energ\u00e9tico, tambi\u00e9n<br>fue seleccionada para esta versi\u00f3n del programa. \u201cMe motiva ser parte de una comunidad<br>que comparte valores y objetivos en el \u00e1mbito energ\u00e9tico. Participar en Women in Energy<br>es una excelente oportunidad para seguir aprendiendo\u201d, comenta.<br>Lidia valora especialmente el aprendizaje colectivo: \u201cEl intercambio de ideas y<br>experiencias ayuda al crecimiento personal y profesional. Me entusiasma que esta<br>iniciativa potencie el liderazgo femenino en distintos \u00e1mbitos del sector\u201d.<br>Una invitaci\u00f3n a atreverse<br>Ambas vivieron recientemente el encuentro de inicio del programa, instancia que<br>calificaron como enriquecedora. All\u00ed compartieron con mujeres de distintas regiones del<br>pa\u00eds, reflexionaron sobre su marca personal y dieron el primer paso de esta traves\u00eda<br>formativa que se extender\u00e1 por siete meses.<\/p>\n\n\n\n<p>Consultadas sobre qu\u00e9 mensaje dar\u00edan a otras mujeres que inician su camino, Gabriela<br>es clara: \u201cQue no tengan miedo, que se atrevan y conf\u00eden en sus talentos. Este sector<br>representa desaf\u00edos, pero tambi\u00e9n oportunidades\u201d.<br>Lidia, con 18 a\u00f1os de experiencia en EDELMAG, complementa: \u201cLa industria no tiene<br>g\u00e9nero. Nuestros aportes no solo son valiosos, son esenciales\u201d.<br>Desde Magallanes, Gabriela y Lidia se convierten en referentes de una transformaci\u00f3n<br>necesaria: la inclusi\u00f3n activa de mujeres en un sector clave para el desarrollo sostenible<br>del pa\u00eds.<\/p>\n","protected":false},"excerpt":{"rendered":"<p>Dos trabajadoras de EDELMAG est\u00e1n abriendo camino en el sector energ\u00e9tico al serparte de la 7\u00b0 generaci\u00f3n del programa Women in Energy de WEC Chile, iniciativa quebusca fortalecer el liderazgo&#8230; <a class=\"read-more\" href=\"https:\/\/www.radiopresidenteibanez.cl\/web\/edelmag-potencia-el-poder-femenino-lidia-lizana-y-gabriela-leiva-seleccionadas-para-women-in-energy\/\">Leer m\u00e1s<\/a><\/p>\n","protected":false},"author":2,"featured_media":57294,"comment_status":"closed","ping_status":"closed","sticky":false,"template":"","format":"standard","meta":{"footnotes":""},"categories":[1],"tags":[],"class_list":["post-57293","post","type-post","status-publish","format-standard","has-post-thumbnail","hentry","category-cronica"],"_links":{"self":[{"href":"https:\/\/www.radiopresidenteibanez.cl\/web\/wp-json\/wp\/v2\/posts\/57293","targetHints":{"allow":["GET"]}}],"collection":[{"href":"https:\/\/www.radiopresidenteibanez.cl\/web\/wp-json\/wp\/v2\/posts"}],"about":[{"href":"https:\/\/www.radiopresidenteibanez.cl\/web\/wp-json\/wp\/v2\/types\/post"}],"author":[{"embeddable":true,"href":"https:\/\/www.radiopresidenteibanez.cl\/web\/wp-json\/wp\/v2\/users\/2"}],"replies":[{"embeddable":true,"href":"https:\/\/www.radiopresidenteibanez.cl\/web\/wp-json\/wp\/v2\/comments?post=57293"}],"version-history":[{"count":0,"href":"https:\/\/www.radiopresidenteibanez.cl\/web\/wp-json\/wp\/v2\/posts\/57293\/revisions"}],"wp:featuredmedia":[{"embeddable":true,"href":"https:\/\/www.radiopresidenteibanez.cl\/web\/wp-json\/wp\/v2\/media\/57294"}],"wp:attachment":[{"href":"https:\/\/www.radiopresidenteibanez.cl\/web\/wp-json\/wp\/v2\/media?parent=57293"}],"wp:term":[{"taxonomy":"category","embeddable":true,"href":"https:\/\/www.radiopresidenteibanez.cl\/web\/wp-json\/wp\/v2\/categories?post=57293"},{"taxonomy":"post_tag","embeddable":true,"href":"https:\/\/www.radiopresidenteibanez.cl\/web\/wp-json\/wp\/v2\/tags?post=57293"}],"curies":[{"name":"wp","href":"https:\/\/api.w.org\/{rel}","templated":true}]}}