{"id":57290,"date":"2025-06-30T11:21:00","date_gmt":"2025-06-30T14:21:00","guid":{"rendered":"https:\/\/www.radiopresidenteibanez.cl\/web\/?p=57290"},"modified":"2025-06-30T10:20:21","modified_gmt":"2025-06-30T13:20:21","slug":"seremi-de-seguridad-publica-coordina-fiscalizacion-a-moteles-en-trabajo-contra-explotacion-sexual-ninos-ninas-y-adolescentes","status":"publish","type":"post","link":"https:\/\/www.radiopresidenteibanez.cl\/web\/seremi-de-seguridad-publica-coordina-fiscalizacion-a-moteles-en-trabajo-contra-explotacion-sexual-ninos-ninas-y-adolescentes\/","title":{"rendered":"Seremi de Seguridad P\u00fablica coordina fiscalizaci\u00f3n a moteles en trabajo contra explotacion sexual ni\u00f1os ni\u00f1as y adolescentes"},"content":{"rendered":"\n<p>Detener y prevenir la Explotaci\u00f3n Sexual de Ni\u00f1os, Ni\u00f1as y Adolescentes<br>(ESNNA) es tarea de toda la sociedad, por ello la seremi de Seguridad P\u00fablica,<br>Carla Barrientos lider\u00f3 la noche de este viernes y madrugada de s\u00e1bado una<br>fiscalizaci\u00f3n a moteles de Punta Arenas, donde adem\u00e1s los organismos<br>encargados de trabajar con las v\u00edctimas de este delito entregaron informaci\u00f3n<br>preventiva y legal respecto a la facilitaci\u00f3n del mismo.<br>Servicio de Protecci\u00f3n Especializada a la Ni\u00f1ez y Adolescencia, ONG Ra\u00edces,<br>Carabineros, Servicio de Impuestos Internos y la direcci\u00f3n de Seguridad P\u00fablica<br>de la Municipalidad de Punta Arenas participaron del operativo que busc\u00f3<br>controlar el cumplimiento de la norma por parte de este comercio, pero tambi\u00e9n<br>involucrarlos en la protecci\u00f3n de los NNA frente a un delito tan grave como la<br>explotaci\u00f3n sexual.<br>La seremi Carla Barrientos valor\u00f3 el compromiso interinstitucional para trabajar en<br>contra de la comisi\u00f3n de este delito y afirm\u00f3 que estas instancias se replicar\u00e1n en<br>otros espacios en vista de detener y eliminar el il\u00edcito. \u201cDe manera constante<br>estamos realizando operativos nocturnos intersectoriales con diversos enfoques y<br>siempre teniendo presente la protecci\u00f3n de los menores de edad. Espec\u00edficamente<br>el trabajo contra ESNNA es un compromiso transversal y como Estado debemos<br>estar en los espacios de riesgo para evitar la ocurrencia de este delito\u201d.<br>Por otra parte, tambi\u00e9n se efectuaron controles vehiculares, en la tarea constante<br>de evitar la circulaci\u00f3n de veh\u00edculos modificados.<\/p>\n","protected":false},"excerpt":{"rendered":"<p>Detener y prevenir la Explotaci\u00f3n Sexual de Ni\u00f1os, Ni\u00f1as y Adolescentes(ESNNA) es tarea de toda la sociedad, por ello la seremi de Seguridad P\u00fablica,Carla Barrientos lider\u00f3 la noche de este&#8230; <a class=\"read-more\" href=\"https:\/\/www.radiopresidenteibanez.cl\/web\/seremi-de-seguridad-publica-coordina-fiscalizacion-a-moteles-en-trabajo-contra-explotacion-sexual-ninos-ninas-y-adolescentes\/\">Leer m\u00e1s<\/a><\/p>\n","protected":false},"author":2,"featured_media":57291,"comment_status":"closed","ping_status":"closed","sticky":false,"template":"","format":"standard","meta":{"footnotes":""},"categories":[1],"tags":[],"class_list":["post-57290","post","type-post","status-publish","format-standard","has-post-thumbnail","hentry","category-cronica"],"_links":{"self":[{"href":"https:\/\/www.radiopresidenteibanez.cl\/web\/wp-json\/wp\/v2\/posts\/57290","targetHints":{"allow":["GET"]}}],"collection":[{"href":"https:\/\/www.radiopresidenteibanez.cl\/web\/wp-json\/wp\/v2\/posts"}],"about":[{"href":"https:\/\/www.radiopresidenteibanez.cl\/web\/wp-json\/wp\/v2\/types\/post"}],"author":[{"embeddable":true,"href":"https:\/\/www.radiopresidenteibanez.cl\/web\/wp-json\/wp\/v2\/users\/2"}],"replies":[{"embeddable":true,"href":"https:\/\/www.radiopresidenteibanez.cl\/web\/wp-json\/wp\/v2\/comments?post=57290"}],"version-history":[{"count":0,"href":"https:\/\/www.radiopresidenteibanez.cl\/web\/wp-json\/wp\/v2\/posts\/57290\/revisions"}],"wp:featuredmedia":[{"embeddable":true,"href":"https:\/\/www.radiopresidenteibanez.cl\/web\/wp-json\/wp\/v2\/media\/57291"}],"wp:attachment":[{"href":"https:\/\/www.radiopresidenteibanez.cl\/web\/wp-json\/wp\/v2\/media?parent=57290"}],"wp:term":[{"taxonomy":"category","embeddable":true,"href":"https:\/\/www.radiopresidenteibanez.cl\/web\/wp-json\/wp\/v2\/categories?post=57290"},{"taxonomy":"post_tag","embeddable":true,"href":"https:\/\/www.radiopresidenteibanez.cl\/web\/wp-json\/wp\/v2\/tags?post=57290"}],"curies":[{"name":"wp","href":"https:\/\/api.w.org\/{rel}","templated":true}]}}