{"id":57287,"date":"2025-06-30T10:04:00","date_gmt":"2025-06-30T13:04:00","guid":{"rendered":"https:\/\/www.radiopresidenteibanez.cl\/web\/?p=57287"},"modified":"2025-06-30T08:43:27","modified_gmt":"2025-06-30T11:43:27","slug":"con-georradar-buscan-indicios-que-ayudena-conocer-destino-de-detenido-desaparecido","status":"publish","type":"post","link":"https:\/\/www.radiopresidenteibanez.cl\/web\/con-georradar-buscan-indicios-que-ayudena-conocer-destino-de-detenido-desaparecido\/","title":{"rendered":"CON GEORRADAR BUSCAN INDICIOS QUE AYUDENA CONOCER DESTINO DE DETENIDO DESAPARECIDO"},"content":{"rendered":"\n<p>Esta ma\u00f1ana, a contar de las 09:30 horas, el Sitio de Memoria de Col\u00f3n N\u00b0636 fue objeto de<br>diligencias de prospecci\u00f3n geof\u00edsica, en el marco del Plan Nacional de B\u00fasqueda, referentes a la<br>desaparici\u00f3n de Silvio Francisco Bettancourt Bahamonde, quien a sus 22 a\u00f1os fue detenido en<br>septiembre de 1973 en Punta Arenas, y es el \u00fanico caso calificado como detenido desaparecido en<br>Magallanes por la Corporaci\u00f3n Nacional de Reparaci\u00f3n y Reconciliaci\u00f3n (CNRR).<br>En el deteriorado inmueble que alberg\u00f3 un centro de detenci\u00f3n y tortura en dictadura, se hizo<br>presente In\u00e9s Recart, Ministra en Visita de la Corte de Apelaciones, junto a la Seremi de Justicia y<br>Derechos Humanos, Michelle Peutat; y los secretarios regionales ministeriales de Obras P\u00fablicas,<br>Jos\u00e9 Luis Hern\u00e1ndez; y de Bienes Nacionales, Sergio Reyes. Adem\u00e1s de sus respectivas carteras<br>intervinieron en esta instancia: la Brigada de Derechos Humanos de la Polic\u00eda de Investigaciones<br>(PDI), peritos de la Universidad de Magallanes (UMAG), Poder Judicial, Consejo de Monumentos<br>Nacionales, y Programa de Derechos Humanos de la Subsecretar\u00eda de DD.HH.<br>Previamente a ello, la Ministra en Visita que lleva el caso y la Seremi de Justicia dialogaron con<br>representantes de agrupaciones de derechos humanos de Magallanes, quienes pudieron seguir a<br>distancia un enlace simult\u00e1neo con la transmisi\u00f3n de la diligencia en terreno.<br>Con el apoyo de profesionales de la UMAG, se llev\u00f3 adelante la pericia en el sitio de inter\u00e9s, que<br>consisti\u00f3 en el uso de georradar para estudiar el subsuelo del actual Sitio de Memoria. Esta<br>prospecci\u00f3n geof\u00edsica fue seguida atentamente por Mat\u00edas Salinas, abogado del Programa de<br>Derechos Humanos y del Plan Nacional de B\u00fasqueda, quien destac\u00f3 el poder aplicar por primera<br>vez en la regi\u00f3n esta tecnolog\u00eda de georradar, en un esfuerzo interinstitucional, con la idea de<br>poder seguir haci\u00e9ndolo a futuro.<br>Si bien esta causa de larga data est\u00e1 en sumario, por lo tanto es secreta, el profesional indic\u00f3 que<br>se ha conversado con la Ministra la posibilidad de hacer otras diligencias durante este a\u00f1o en otros sitios de inter\u00e9s identificados.<br>La Seremi Michelle Peutat resalt\u00f3 estas diligencias ordenadas por la Corte de Apelaciones a<br>prop\u00f3sito de la causa de Francisco Bettancourt, como una instancia muy relevante en el marco del<br>Plan Nacional de B\u00fasqueda, pol\u00edtica p\u00fablica impulsada por el gobierno del Presidente Gabriel<\/p>\n\n\n\n<p>Boric. Esta busca definir cu\u00e1les han sido las trayectorias de desaparici\u00f3n forzada de las m\u00e1s de<br>1.400 personas desaparecidas en la dictadura c\u00edvico militar y poder periciar sitios de inter\u00e9s para<br>establecer la verdad judicial y responsabilidades criminales.<br>Agreg\u00f3 que en Magallanes en materia de desaparici\u00f3n forzada se han presentado por ahora dos<br>casos en particular, los que a\u00fan no se pueden hacer p\u00fablicos. Dentro de los avances del Plan de<br>B\u00fasqueda relev\u00f3 como hito el que un convenio suscrito en enero con la UMAG, permita hoy con el<br>uso de georradar poder periciar la Casa de los DD.HH. A ello se suman otros avances como el<br>lanzamiento de la p\u00e1gina web del Plan, \u201cque establece listas p\u00fablicas de personas desaparecidas,<br>sus trayectorias y sitios de detenci\u00f3n por lo que pasaron\u201d, adem\u00e1s del tema vinculado a la mesa de<br>archivos y, en el \u00faltimo tiempo, la entrega de carpetas y datos relevantes a familiares de detenidos<br>desaparecidos (que se pueden solicitar a trav\u00e9s de la p\u00e1gina de la Subsecretar\u00eda de Humanos).<br>Jos\u00e9 Luis Hern\u00e1ndez, Seremi de Obras P\u00fablicas, destac\u00f3 a nivel nacional el mandato de ponerse a<br>disposici\u00f3n del Ministerio de Justicia apoyando el Plan Nacional de B\u00fasqueda, en la entrega de lo<br>que se requiera para avanzar en ese sentido. Asimismo, trabajan como MOP en levantar el perfil<br>para poder postular a la etapa de futuro dise\u00f1o de la restauraci\u00f3n completa del inmueble de Col\u00f3n<br>636, proceso a realizarse durante 2026 -que estar\u00e1 a cargo de la Direcci\u00f3n de Arquitectura<br>mandatado por el Gobierno Regional, e incluido dentro del Plan de Zonas Extremas-.<br>Por su parte, Sergio Reyes, Seremi de Bienes Nacionales, se\u00f1al\u00f3 que en 2020 el edificio sufri\u00f3 un<br>atentado criminal y desde esa fecha se ha trabajado para poderlo recuperar. En la instancia actual,<br>su cartera concluye un trabajo junto al Gobierno Regional, en virtud de un convenio por 300<br>millones de pesos destinado a obras de emergencia para poder resguardar el terreno y sector, y<br>as\u00ed evitar que se siga deteriorando en el tiempo.<\/p>\n","protected":false},"excerpt":{"rendered":"<p>Esta ma\u00f1ana, a contar de las 09:30 horas, el Sitio de Memoria de Col\u00f3n N\u00b0636 fue objeto dediligencias de prospecci\u00f3n geof\u00edsica, en el marco del Plan Nacional de B\u00fasqueda, referentes&#8230; <a class=\"read-more\" href=\"https:\/\/www.radiopresidenteibanez.cl\/web\/con-georradar-buscan-indicios-que-ayudena-conocer-destino-de-detenido-desaparecido\/\">Leer m\u00e1s<\/a><\/p>\n","protected":false},"author":2,"featured_media":57288,"comment_status":"closed","ping_status":"closed","sticky":false,"template":"","format":"standard","meta":{"footnotes":""},"categories":[1],"tags":[],"class_list":["post-57287","post","type-post","status-publish","format-standard","has-post-thumbnail","hentry","category-cronica"],"_links":{"self":[{"href":"https:\/\/www.radiopresidenteibanez.cl\/web\/wp-json\/wp\/v2\/posts\/57287","targetHints":{"allow":["GET"]}}],"collection":[{"href":"https:\/\/www.radiopresidenteibanez.cl\/web\/wp-json\/wp\/v2\/posts"}],"about":[{"href":"https:\/\/www.radiopresidenteibanez.cl\/web\/wp-json\/wp\/v2\/types\/post"}],"author":[{"embeddable":true,"href":"https:\/\/www.radiopresidenteibanez.cl\/web\/wp-json\/wp\/v2\/users\/2"}],"replies":[{"embeddable":true,"href":"https:\/\/www.radiopresidenteibanez.cl\/web\/wp-json\/wp\/v2\/comments?post=57287"}],"version-history":[{"count":0,"href":"https:\/\/www.radiopresidenteibanez.cl\/web\/wp-json\/wp\/v2\/posts\/57287\/revisions"}],"wp:featuredmedia":[{"embeddable":true,"href":"https:\/\/www.radiopresidenteibanez.cl\/web\/wp-json\/wp\/v2\/media\/57288"}],"wp:attachment":[{"href":"https:\/\/www.radiopresidenteibanez.cl\/web\/wp-json\/wp\/v2\/media?parent=57287"}],"wp:term":[{"taxonomy":"category","embeddable":true,"href":"https:\/\/www.radiopresidenteibanez.cl\/web\/wp-json\/wp\/v2\/categories?post=57287"},{"taxonomy":"post_tag","embeddable":true,"href":"https:\/\/www.radiopresidenteibanez.cl\/web\/wp-json\/wp\/v2\/tags?post=57287"}],"curies":[{"name":"wp","href":"https:\/\/api.w.org\/{rel}","templated":true}]}}