{"id":57281,"date":"2025-06-30T08:33:00","date_gmt":"2025-06-30T11:33:00","guid":{"rendered":"https:\/\/www.radiopresidenteibanez.cl\/web\/?p=57281"},"modified":"2025-06-30T08:23:29","modified_gmt":"2025-06-30T11:23:29","slug":"boletin-informativo-orbe-44","status":"publish","type":"post","link":"https:\/\/www.radiopresidenteibanez.cl\/web\/boletin-informativo-orbe-44\/","title":{"rendered":"BOLETIN INFORMATIVO ORBE"},"content":{"rendered":"\n<p>SANTIAGO.- La candidata del Partido Comunista, Jeannette Jara, se impuso en las primarias del oficialismo realizadas este domingo. Con un 99,81 por ciento de mesas escrutadas Jara<br>recibi\u00f3 un 60,16 por ciento, lo que equivale a 825 mil 663 votos. Fue seguida por Carolina Toh\u00e1 con un 28,07 por ciento, un total de 385 mil 249 sufragios, Gonzalo Winter con un 9,02<br>por ciento, traducido en 123 mil 795 votos, y Jaime Mulet con el 2,74 por ciento, con 37 mil 654<br>votos.<\/p>\n\n\n\n<p>SANTIAGO.- Tras su triunfo en las primarias, la exministra del Trabajo Jeannette Jara identific\u00f3 la seguridad p\u00fablica como \u00abun tema prioritario e ineludible\u00bb que su eventual gobierno debe abordar \u00abcon la seriedad que requiere\u00bb para que \u00abla gente viva tranquila\u00bb. Jara agradeci\u00f3 al resto de los candidatos, se\u00f1alando que \u00abhoy termina la primera parte de este camino, que es ofrecerle una<br>alternativa a Chile para los pr\u00f3ximos a\u00f1os\u00bb.<\/p>\n\n\n\n<p>SANTIAGO.- Adem\u00e1s, Jara dijo a quienes no participaron en las primarias que \u00abnuestra principal tarea ser\u00e1 desplegarnos por el pa\u00eds con una escucha activa. Necesitamos que m\u00e1s personas<br>puedan redimensionar el valor de la buena pol\u00edtica\u00bb. Sobre la oposici\u00f3n, advirti\u00f3 que \u00abno nos enga\u00f1emos: enfrentamos un escenario donde el populismo de la ultraderecha ha crecido\u00bb,<br>criticando que \u00abcreen que hablando m\u00e1s fuerte se solucionan los problemas que ellos han creado\u00bb.<\/p>\n\n\n\n<p>SANTIAGO.- La candidata Jara destac\u00f3 que \u00absabemos gobernar, nos sentimos preparados para esto, y estoy segura de que podremos lograr todo nuestro programa y m\u00e1s, y salir de este<br>clima de confrontaci\u00f3n y odio que esparcen algunos\u00bb. \u00abLos llamo a no soltar nuestras manos para enfrentar desde la unidad pol\u00edtica y social m\u00e1s amplia posible a la ultraderecha chilena, y detenerla. Esa es nuestra tarea\u00bb, finaliz\u00f3.<\/p>\n\n\n\n<p>SANTIAGO.- El presidente Gabriel Boric expres\u00f3, a trav\u00e9s de su cuenta en la red X, sus felicitaciones a Jeannette Jara tras su victoria en las primarias presidenciales del pacto Unidad por Chile. \u00abSaludo y abrazo a Jeannette Jara por el tremendo respaldo obtenido hoy. Pasa de inmediato a encabezar<br>las fuerzas del progresismo hacia el futuro, que con claridad la ha elegido como l\u00edder\u00bb, escribi\u00f3 el mandatario en su cuenta oficial.<\/p>\n\n\n\n<p><\/p>\n","protected":false},"excerpt":{"rendered":"<p>SANTIAGO.- La candidata del Partido Comunista, Jeannette Jara, se impuso en las primarias del oficialismo realizadas este domingo. Con un 99,81 por ciento de mesas escrutadas Jararecibi\u00f3 un 60,16 por&#8230; <a class=\"read-more\" href=\"https:\/\/www.radiopresidenteibanez.cl\/web\/boletin-informativo-orbe-44\/\">Leer m\u00e1s<\/a><\/p>\n","protected":false},"author":2,"featured_media":57282,"comment_status":"closed","ping_status":"closed","sticky":false,"template":"","format":"standard","meta":{"footnotes":""},"categories":[1],"tags":[],"class_list":["post-57281","post","type-post","status-publish","format-standard","has-post-thumbnail","hentry","category-cronica"],"_links":{"self":[{"href":"https:\/\/www.radiopresidenteibanez.cl\/web\/wp-json\/wp\/v2\/posts\/57281","targetHints":{"allow":["GET"]}}],"collection":[{"href":"https:\/\/www.radiopresidenteibanez.cl\/web\/wp-json\/wp\/v2\/posts"}],"about":[{"href":"https:\/\/www.radiopresidenteibanez.cl\/web\/wp-json\/wp\/v2\/types\/post"}],"author":[{"embeddable":true,"href":"https:\/\/www.radiopresidenteibanez.cl\/web\/wp-json\/wp\/v2\/users\/2"}],"replies":[{"embeddable":true,"href":"https:\/\/www.radiopresidenteibanez.cl\/web\/wp-json\/wp\/v2\/comments?post=57281"}],"version-history":[{"count":0,"href":"https:\/\/www.radiopresidenteibanez.cl\/web\/wp-json\/wp\/v2\/posts\/57281\/revisions"}],"wp:featuredmedia":[{"embeddable":true,"href":"https:\/\/www.radiopresidenteibanez.cl\/web\/wp-json\/wp\/v2\/media\/57282"}],"wp:attachment":[{"href":"https:\/\/www.radiopresidenteibanez.cl\/web\/wp-json\/wp\/v2\/media?parent=57281"}],"wp:term":[{"taxonomy":"category","embeddable":true,"href":"https:\/\/www.radiopresidenteibanez.cl\/web\/wp-json\/wp\/v2\/categories?post=57281"},{"taxonomy":"post_tag","embeddable":true,"href":"https:\/\/www.radiopresidenteibanez.cl\/web\/wp-json\/wp\/v2\/tags?post=57281"}],"curies":[{"name":"wp","href":"https:\/\/api.w.org\/{rel}","templated":true}]}}