{"id":57277,"date":"2025-06-30T08:15:05","date_gmt":"2025-06-30T11:15:05","guid":{"rendered":"https:\/\/www.radiopresidenteibanez.cl\/web\/?p=57277"},"modified":"2025-06-30T08:15:41","modified_gmt":"2025-06-30T11:15:41","slug":"el-desfonde-de-la-centro-izquierda","status":"publish","type":"post","link":"https:\/\/www.radiopresidenteibanez.cl\/web\/el-desfonde-de-la-centro-izquierda\/","title":{"rendered":"EL DESFONDE DE LA CENTRO IZQUIERDA"},"content":{"rendered":"\n<p>Aunque muchos dudamos de su seriedad, se ha confirmado lo que casi todos los estudios de<br>opini\u00f3n adelantaron, se ha impuesto la candidata del PC Jeanette Jara en la primaria del progresismo.<br>Contra lo que racionalmente parec\u00eda m\u00e1s conveniente con miras a la elecci\u00f3n presidencial de<br>noviembre, los electores optaron por la candidata que representa la alternativa m\u00e1s polarizante de la izquierda chilena. Seguramente se realizar\u00e1n sesudos an\u00e1lisis acerca de la debacle de la centro<br>izquierda, por qu\u00e9 deja de representar a la mayor\u00eda del progresismo una opci\u00f3n progresista moderna con un proyecto viable econ\u00f3mica y socialmente. Al rev\u00e9s, es ins\u00f3lito que ofertas populistas como alcanzar la igualdad antes de fortalecer el crecimiento econ\u00f3mico. O ideas tan peregrinas como que se va a volver a crecer en base a la demanda interna. Un populismo b\u00e1sico que no resiste la confrontaci\u00f3n con m\u00e1s de cien a\u00f1os de estudios emp\u00edricos y considerando la propia experiencia, que dolorosamente ha tenido nuestro continente. Que hablar de la postura sobre las dictaduras de partido \u00fanico, de las que el PC chileno, no se ha querido desprender, pese a las documentadas violaciones a los DDHH. En 2021, el socialismo democr\u00e1tico quem\u00f3 sus naves, para adherir al gobierno del pacto FA\/PC, ese gesto sin duda salv\u00f3 la estabilidad del gobierno, permiti\u00f3 la normalizaci\u00f3n del aparato del estado, y le est\u00e1 permitiendo al presidente Boric concluir su mandato con un porcentaje razonable de aprobaci\u00f3n. Hoy se comprueba el costo pol\u00edtico que tuvo para la centro izquierda, haber dado ese paso, en su momento, generoso y justificado en el bien del pa\u00eds. Hoy dif\u00edcil de entender, dada la indiferenciaci\u00f3n con el sector m\u00e1s extremo, y la desafecci\u00f3n del propio electorado.<br>Un triunfo apabullante del PC chileno, es in\u00e9dito en la historia pol\u00edtica de Chile. Pero ojo, la escas\u00edsima participaci\u00f3n en la primaria, no permite descorchar botellas. Sobre un padr\u00f3n de 15 millones de electores, el caudal de 820 mil votos obtenidos por Jeanette Jara, no brinda seguridad alguna para la elecci\u00f3n de noviembre.<br>Las posibilidades de que en noviembre sean las candidaturas del sector conservador, las que se<br>impongan en primera vuelta, se vuelven reales. El sector m\u00e1s moderado del electorado queda<br>hu\u00e9rfano de representaci\u00f3n. La disputa ser\u00e1 entre dos sectores polarizados, lo que abre la posibilidad de que surjan otras alternativas para tratar de interpretar a esas personas.<br>La reducid\u00edsima votaci\u00f3n obtenida por el diputado Winter, es otro hecho significativo, un castigo<br>evidente al gobierno, al igual que la votaci\u00f3n de la ex ministra del interior, tambi\u00e9n se puede entender como una sanci\u00f3n a quienes se mostraron m\u00e1s identificados con el gobierno.<br>El Partido comunista llev\u00f3 a Pablo Neruda como candidato de la Unidad Popular en 1970, la que<br>depuso en favor de Salvador Allende, quien fue a la saz\u00f3n electo presidente de la rep\u00fablica. En los<br>a\u00f1os de reconstrucci\u00f3n democr\u00e1tica, nunca el PC tuvo la candidatura representativa de todo el<br>progresismo. El escenario es \u00fanico, y se desconoce si la poblaci\u00f3n chilena, el ciudadano de a pie, ha superado la carga de anticomunismo, presente en la historia pol\u00edtica. Finalmente, otro tablero de ajedrez abierto, es la lista parlamentaria. En un conglomerado variopinto, que no ha logrado convocar a un electorado masivo con apoyo indiscutido, la competencia por el parlamento ser\u00e1 clave.<br>Algunos aventuran que el PDC buscar\u00e1 llevar su propia candidatura buscando interpretar al electorado de centro, tambi\u00e9n se menciona a Marco Enr\u00edquez Ominami, el conocido MEO, que podr\u00eda intentar por quinta vez una candidatura presidencial. Otro posible candidato si logra alcanzar las firmas necesarias, es el dirigente deportivo Harold Mayne Nichols, el cual incluso se piensa que podr\u00eda presentarse como independiente en la lista de un partido de centro.<br>M\u00e1s all\u00e1 del esfuerzo loable de movilizar al electorado y determinar democr\u00e1ticamente la candidatura progresista, se aprecia una falencia importante. El agotamiento o fatiga electoral es real, incluso los sectores m\u00e1s convencidos no se sienten convocados a concurrir presencialmente a las urnas. El resultado queda marcado por la baja participaci\u00f3n, y se abre la interrogante acerca de la independencia que podr\u00eda tener la candidata Jeanette Jara, de las posturas de la dirigencia del PC, anacr\u00f3nicas en lo econ\u00f3mico y reprochables en el plano internacional. Se ve muy dif\u00edcil que un<br>programa de gobierno del sector progresista, sea representado por las propuestas de la candidata<br>Jara.<br>El alt\u00edsimo porcentaje obtenido por la candidata Jara, in\u00e9dito para una representante comunista, obliga a todos los partidos que adhirieron a la primaria a respaldarla en noviembre. Pero la magra<br>concurrencia, es una lecci\u00f3n de humildad que debiera provocar una profunda revisi\u00f3n, y en especial una auto cr\u00edtica que le permita al socialismo democr\u00e1tico enmendar su rumbo. La diferenciaci\u00f3n de las ideas progresistas, es el \u00fanico camino para retomar una propuesta de futuro, equilibrada, que ofrezca estabilidad, en un escenario de polarizaci\u00f3n que inquieta a las personas de a pie, y genera incertidumbre en los actores econ\u00f3micos.<br>Ernesto Sep\u00falveda Tornero<\/p>\n\n\n\n<p><\/p>\n","protected":false},"excerpt":{"rendered":"<p>Aunque muchos dudamos de su seriedad, se ha confirmado lo que casi todos los estudios deopini\u00f3n adelantaron, se ha impuesto la candidata del PC Jeanette Jara en la primaria del&#8230; <a class=\"read-more\" href=\"https:\/\/www.radiopresidenteibanez.cl\/web\/el-desfonde-de-la-centro-izquierda\/\">Leer m\u00e1s<\/a><\/p>\n","protected":false},"author":2,"featured_media":57278,"comment_status":"closed","ping_status":"closed","sticky":false,"template":"","format":"standard","meta":{"footnotes":""},"categories":[1],"tags":[],"class_list":["post-57277","post","type-post","status-publish","format-standard","has-post-thumbnail","hentry","category-cronica"],"_links":{"self":[{"href":"https:\/\/www.radiopresidenteibanez.cl\/web\/wp-json\/wp\/v2\/posts\/57277","targetHints":{"allow":["GET"]}}],"collection":[{"href":"https:\/\/www.radiopresidenteibanez.cl\/web\/wp-json\/wp\/v2\/posts"}],"about":[{"href":"https:\/\/www.radiopresidenteibanez.cl\/web\/wp-json\/wp\/v2\/types\/post"}],"author":[{"embeddable":true,"href":"https:\/\/www.radiopresidenteibanez.cl\/web\/wp-json\/wp\/v2\/users\/2"}],"replies":[{"embeddable":true,"href":"https:\/\/www.radiopresidenteibanez.cl\/web\/wp-json\/wp\/v2\/comments?post=57277"}],"version-history":[{"count":0,"href":"https:\/\/www.radiopresidenteibanez.cl\/web\/wp-json\/wp\/v2\/posts\/57277\/revisions"}],"wp:featuredmedia":[{"embeddable":true,"href":"https:\/\/www.radiopresidenteibanez.cl\/web\/wp-json\/wp\/v2\/media\/57278"}],"wp:attachment":[{"href":"https:\/\/www.radiopresidenteibanez.cl\/web\/wp-json\/wp\/v2\/media?parent=57277"}],"wp:term":[{"taxonomy":"category","embeddable":true,"href":"https:\/\/www.radiopresidenteibanez.cl\/web\/wp-json\/wp\/v2\/categories?post=57277"},{"taxonomy":"post_tag","embeddable":true,"href":"https:\/\/www.radiopresidenteibanez.cl\/web\/wp-json\/wp\/v2\/tags?post=57277"}],"curies":[{"name":"wp","href":"https:\/\/api.w.org\/{rel}","templated":true}]}}