{"id":57274,"date":"2025-06-27T18:16:00","date_gmt":"2025-06-27T21:16:00","guid":{"rendered":"https:\/\/www.radiopresidenteibanez.cl\/web\/?p=57274"},"modified":"2025-06-27T11:19:47","modified_gmt":"2025-06-27T14:19:47","slug":"autoridades-del-trabajo-llaman-a-respetar-derechos-laborales-durante-elecciones-primarias","status":"publish","type":"post","link":"https:\/\/www.radiopresidenteibanez.cl\/web\/autoridades-del-trabajo-llaman-a-respetar-derechos-laborales-durante-elecciones-primarias\/","title":{"rendered":"Autoridades del trabajo llaman a respetar derechos laborales durante elecciones primarias"},"content":{"rendered":"\n<p>Con motivo de las elecciones primarias presidenciales que se<br>vivir\u00e1n en el pa\u00eds este domingo 29 de junio, las autoridades laborales de la regi\u00f3n hicieron un<br>llamado a respetar los derechos de quienes deben trabajar durante la jornada, recordando la<br>normativa legal en materia de sufragio y tambi\u00e9n del feriado irrenunciable que rige para algunos<br>dependientes de comercio.<br>Al respecto, la Seremi del Trabajo, Jessica Bengoa Mayorga, se refiri\u00f3 a los permisos de votaci\u00f3n<br>para las y los trabajadores que deben trabajar durante la jornada eleccionaria.<br>\u201cComo sabemos, este domingo se realizan las elecciones primarias presidenciales y, como Seremi<br>del Trabajo, queremos recordar a todas las y los trabajadores que deben desempe\u00f1ar funciones<br>ese d\u00eda, que tienen el derecho por ley a ausentarse de su lugar de trabajo por, al menos, tres horas<br>para ejercer su derecho a sufragio\u201d, se\u00f1al\u00f3.<br>\u201cTambi\u00e9n, hay que recordar que aquellos trabajadores y trabajadoras que sean designados como<br>vocales de mesa, miembros de colegios escrutadores o delegados de la Junta Electoral, las y los<br>empleadores tienen el deber de permitir el cumplimiento de esas funciones, sin que por ello se<br>apliquen descuentos en sus remuneraciones, aunque en estas elecciones el voto sea voluntario\u201d,<br>a\u00f1adi\u00f3 la Seremi.<br>Con respecto al feriado irrenunciable decretado para algunos sectores del comercio, el director<br>regional del Trabajo, Carlo Gorziglia Sain, expuso que \u201cpara estos efectos, la normativa establece<br>que las empresas del sector comercio que trabajan bajo una misma raz\u00f3n social: mall, centros<br>comerciales, Streep Center, es un feriado obligatorio e irrenunciable para ellos; no as\u00ed para el resto<br>del comercio. Por ello, estos establecimientos comerciales deben cerrar sus puertas el d\u00eda s\u00e1bado<br>28 de junio a las 21:00 horas y reabrir su actividad comercial el d\u00eda lunes 30 del mismo mes, a<br>contar de las 06:00 horas\u201d.<br>\u201cAhora, las multas est\u00e1n asociadas al incumplimiento de esta normativa. En el caso de no cumplir<br>con el feriado obligatorio, las multas van desde las 30 UTM ($2.036.550) a las 150 UTM<br>(10.317.750). Y en el caso de aquellas empresas que no est\u00e1n en el contexto se\u00f1alado, el no<br>otorgar las tres horas para sufragar, las multas van entre las 3 a las 60 UTM, por no otorgar el<\/p>\n\n\n\n<p>m\u00ednimo de tres horas, ya sea para sufragar o para justificar, si es necesario. Lo mismo, en caso de<br>no conceder los permisos para quienes son designados vocales de mesa\u201d, agreg\u00f3 la autoridad.<br>Todas estas multas y sanciones se aplican dependiendo del tama\u00f1o de la empresa, seg\u00fan la<br>cantidad de trabajadores y trabajadoras que tenga, y de acuerdo al valor de la UTM del mes de<br>junio.<br>La Direcci\u00f3n del Trabajo realizar\u00e1 fiscalizaciones el d\u00eda de las elecciones con cobertura nacional y<br>supervisado por las direcciones regionales y, asimismo, estar\u00e1 fiscalizando las denuncias que se<br>reciban a trav\u00e9s del Canal de Atenci\u00f3n Telef\u00f3nica (CAT), n\u00famero 600 450 4000.<\/p>\n","protected":false},"excerpt":{"rendered":"<p>Con motivo de las elecciones primarias presidenciales que sevivir\u00e1n en el pa\u00eds este domingo 29 de junio, las autoridades laborales de la regi\u00f3n hicieron unllamado a respetar los derechos de&#8230; <a class=\"read-more\" href=\"https:\/\/www.radiopresidenteibanez.cl\/web\/autoridades-del-trabajo-llaman-a-respetar-derechos-laborales-durante-elecciones-primarias\/\">Leer m\u00e1s<\/a><\/p>\n","protected":false},"author":2,"featured_media":57275,"comment_status":"closed","ping_status":"closed","sticky":false,"template":"","format":"standard","meta":{"footnotes":""},"categories":[1],"tags":[],"class_list":["post-57274","post","type-post","status-publish","format-standard","has-post-thumbnail","hentry","category-cronica"],"_links":{"self":[{"href":"https:\/\/www.radiopresidenteibanez.cl\/web\/wp-json\/wp\/v2\/posts\/57274","targetHints":{"allow":["GET"]}}],"collection":[{"href":"https:\/\/www.radiopresidenteibanez.cl\/web\/wp-json\/wp\/v2\/posts"}],"about":[{"href":"https:\/\/www.radiopresidenteibanez.cl\/web\/wp-json\/wp\/v2\/types\/post"}],"author":[{"embeddable":true,"href":"https:\/\/www.radiopresidenteibanez.cl\/web\/wp-json\/wp\/v2\/users\/2"}],"replies":[{"embeddable":true,"href":"https:\/\/www.radiopresidenteibanez.cl\/web\/wp-json\/wp\/v2\/comments?post=57274"}],"version-history":[{"count":0,"href":"https:\/\/www.radiopresidenteibanez.cl\/web\/wp-json\/wp\/v2\/posts\/57274\/revisions"}],"wp:featuredmedia":[{"embeddable":true,"href":"https:\/\/www.radiopresidenteibanez.cl\/web\/wp-json\/wp\/v2\/media\/57275"}],"wp:attachment":[{"href":"https:\/\/www.radiopresidenteibanez.cl\/web\/wp-json\/wp\/v2\/media?parent=57274"}],"wp:term":[{"taxonomy":"category","embeddable":true,"href":"https:\/\/www.radiopresidenteibanez.cl\/web\/wp-json\/wp\/v2\/categories?post=57274"},{"taxonomy":"post_tag","embeddable":true,"href":"https:\/\/www.radiopresidenteibanez.cl\/web\/wp-json\/wp\/v2\/tags?post=57274"}],"curies":[{"name":"wp","href":"https:\/\/api.w.org\/{rel}","templated":true}]}}