{"id":57271,"date":"2025-06-27T16:39:00","date_gmt":"2025-06-27T19:39:00","guid":{"rendered":"https:\/\/www.radiopresidenteibanez.cl\/web\/?p=57271"},"modified":"2025-06-27T11:16:46","modified_gmt":"2025-06-27T14:16:46","slug":"un-hito-cultural-en-magallanes-lagunablanca-inaugura-moderna-sala-de-artes-escenicas-en-villa-tehuelches","status":"publish","type":"post","link":"https:\/\/www.radiopresidenteibanez.cl\/web\/un-hito-cultural-en-magallanes-lagunablanca-inaugura-moderna-sala-de-artes-escenicas-en-villa-tehuelches\/","title":{"rendered":"Un Hito Cultural en Magallanes: LagunaBlanca Inaugura Moderna Sala de Artes Escenicas en Villa Tehuelches"},"content":{"rendered":"\n<p>Un d\u00eda hist\u00f3rico se vivi\u00f3 en la comuna de Laguna Blanca con la inauguraci\u00f3n oficial de la esperada Sala de Artes Esc\u00e9nicas de Villa Tehuelches. Este nuevo espacio, que promete convertirse en el coraz\u00f3n cultural del territorio, fue posible gracias al financiamiento del Gobierno Regional de Magallanes, a trav\u00e9s del Fondo Regional de Iniciativa Local (FRIL) 2024, y al mismo tiempo, a los funcionarios municipales que trabajaron en la elaboraci\u00f3n y ejecuci\u00f3n del proyecto.<br>La emotiva ceremonia cont\u00f3 con la destacada presencia de autoridades locales, vecinos y vecinas<br>de la comuna, quienes fueron testigos de este significativo avance para la comunidad. La jornada<br>estuvo marcada por una serie de presentaciones art\u00edsticas que demostraron el potencial del nuevo<br>recinto.<br>El evento dio inicio con una conmovedora pieza audiovisual que recorri\u00f3 las hermosas im\u00e1genes del \u00abLibro Laguna Blanca\u00bb, un verdadero viaje por la identidad local. Posteriormente, la pareja de baile conformada por Joaqu\u00edn \u00c1vila y B\u00e1rbara Gonz\u00e1lez deleit\u00f3 a los presentes con una brillante<br>presentaci\u00f3n de cueca. El talento del cantautor magall\u00e1nico Julio Argentino D\u00edaz reson\u00f3 en el nuevo espacio con sus melod\u00edas, creando un ambiente de celebraci\u00f3n. La jornada culmin\u00f3 con el<br>tradicional corte de cinta, que sell\u00f3 oficialmente la apertura de este hermoso espacio cultural,<br>seguido de una emotiva foto oficial para el recuerdo.<br>Al respecto, el alcalde subrogante, Ren\u00e9 Villegas, coment\u00f3 que \u201ces un d\u00eda especial para Laguna<br>Blanca. Nos reunimos con alegr\u00eda y orgullo para inaugurar esta nueva sala de artes esc\u00e9nicas, un<br>espacio que no s\u00f3lo representa una infraestructura moderna, sino tambi\u00e9n una profunda apuesta<br>por el desarrollo cultural, art\u00edstico y comunitario de nuestra comuna. Esta sala es el resultado de<br>una visi\u00f3n compartida, de la convicci\u00f3n de que el arte y la cultura deben estar presentes en el<br>coraz\u00f3n de nuestros territorios rurales, como una herramienta para fortalecer la identidad, la<br>creatividad y el sentido de pertenencia\u201d.<br>A ello, la autoridad agreg\u00f3 que \u201cgracias al financiamiento del Gobierno Regional de Magallanes y de la Ant\u00e1rtica Chilena, a trav\u00e9s del Fondo Regional de Iniciativa Local (FRIL) 2024, hoy el sue\u00f1o de<br>tener este espacio cultural se convierte en realidad. Este proyecto fue financiado con un monto total cercano a los 132 millones de pesos, una inversi\u00f3n p\u00fablica significativa que refleja el compromiso con la descentralizaci\u00f3n, la equidad territorial y la cultura como motor de desarrollo\u201d.<br>Asimismo, el alcalde protocolar y concejal de la comuna, Esteban Vera, destac\u00f3 la importancia de<br>este nuevo espacio, se\u00f1alando \u201cpodemos decir que hemos recuperado un espacio para la cultura,<br>para la identidad de Laguna Blanca, donde podemos tener un espacio con condiciones para las<br>expresiones art\u00edsticas, culturales. Esperamos que los vecinos se puedan tomar este espacio y que<br>puedan desarrollarse art\u00edsticamente. Entonces, ese es el llamado, que se puedan apropiar del lugar,<br>sobre todo por el esfuerzo que hace el municipio por incentivar las actividades tanto, danza, m\u00fasica y sobre todo tambi\u00e9n el rescate cultural\u201d.<br>Por su parte, Juan Burgos, vecino y artesano de Villa Tehuelches, se refiri\u00f3 a la inauguraci\u00f3n de este<br>espacio, manifestando que \u201cpara la gente que practica artes, es importante. Porque los espacios ac\u00e1 est\u00e1n muy reducidos. Yo creo que les va a entusiasmar, sobre todo los chicos de la escuela, la gente adulta que tienen algunas aficiones como la m\u00fasica o el baile, es interesante tener un espacio donde hacerlo, porque podr\u00edamos ir a otros lados, pero no est\u00e1n adecuados. Este tiene toda la adecuaci\u00f3n, el espejo mismo ya es una gran ayuda. Y los que practicamos alguna otra cosa, que yo trabajo en madera, tambi\u00e9n quiz\u00e1s se puedan hacer algunas clases, algunas cosas en este espacio que est\u00e1 adecuado para eso\u201d.<br>Se\u00f1alar que adem\u00e1s del apoyo del Gobierno Regional, se debe reconocer el valioso trabajo de los<br>funcionarios municipales de la Ilustre Municipalidad de Laguna Blanca, en el proceso de elaboraci\u00f3n y ejecuci\u00f3n del proyecto, levantando informaci\u00f3n relevante en las participaciones ciudadanas.<br>La Sala de Artes Esc\u00e9nicas de Villa Tehuelches es m\u00e1s que un edificio; es un compromiso con el arte, la cultura y la memoria colectiva de la comunidad de Laguna Blanca. Es un espacio donde las<br>historias cobrar\u00e1n vida y las nuevas generaciones encontrar\u00e1n su voz, consolidando el desarrollo<br>cultural de Villa Tehuelches.<\/p>\n","protected":false},"excerpt":{"rendered":"<p>Un d\u00eda hist\u00f3rico se vivi\u00f3 en la comuna de Laguna Blanca con la inauguraci\u00f3n oficial de la esperada Sala de Artes Esc\u00e9nicas de Villa Tehuelches. Este nuevo espacio, que promete&#8230; <a class=\"read-more\" href=\"https:\/\/www.radiopresidenteibanez.cl\/web\/un-hito-cultural-en-magallanes-lagunablanca-inaugura-moderna-sala-de-artes-escenicas-en-villa-tehuelches\/\">Leer m\u00e1s<\/a><\/p>\n","protected":false},"author":2,"featured_media":57272,"comment_status":"closed","ping_status":"closed","sticky":false,"template":"","format":"standard","meta":{"footnotes":""},"categories":[1],"tags":[],"class_list":["post-57271","post","type-post","status-publish","format-standard","has-post-thumbnail","hentry","category-cronica"],"_links":{"self":[{"href":"https:\/\/www.radiopresidenteibanez.cl\/web\/wp-json\/wp\/v2\/posts\/57271","targetHints":{"allow":["GET"]}}],"collection":[{"href":"https:\/\/www.radiopresidenteibanez.cl\/web\/wp-json\/wp\/v2\/posts"}],"about":[{"href":"https:\/\/www.radiopresidenteibanez.cl\/web\/wp-json\/wp\/v2\/types\/post"}],"author":[{"embeddable":true,"href":"https:\/\/www.radiopresidenteibanez.cl\/web\/wp-json\/wp\/v2\/users\/2"}],"replies":[{"embeddable":true,"href":"https:\/\/www.radiopresidenteibanez.cl\/web\/wp-json\/wp\/v2\/comments?post=57271"}],"version-history":[{"count":0,"href":"https:\/\/www.radiopresidenteibanez.cl\/web\/wp-json\/wp\/v2\/posts\/57271\/revisions"}],"wp:featuredmedia":[{"embeddable":true,"href":"https:\/\/www.radiopresidenteibanez.cl\/web\/wp-json\/wp\/v2\/media\/57272"}],"wp:attachment":[{"href":"https:\/\/www.radiopresidenteibanez.cl\/web\/wp-json\/wp\/v2\/media?parent=57271"}],"wp:term":[{"taxonomy":"category","embeddable":true,"href":"https:\/\/www.radiopresidenteibanez.cl\/web\/wp-json\/wp\/v2\/categories?post=57271"},{"taxonomy":"post_tag","embeddable":true,"href":"https:\/\/www.radiopresidenteibanez.cl\/web\/wp-json\/wp\/v2\/tags?post=57271"}],"curies":[{"name":"wp","href":"https:\/\/api.w.org\/{rel}","templated":true}]}}