{"id":57260,"date":"2025-06-27T11:55:00","date_gmt":"2025-06-27T14:55:00","guid":{"rendered":"https:\/\/www.radiopresidenteibanez.cl\/web\/?p=57260"},"modified":"2025-06-27T10:20:54","modified_gmt":"2025-06-27T13:20:54","slug":"minvu-da-inicio-al-diseno-participativo-de-plaza-de-villa-renoval","status":"publish","type":"post","link":"https:\/\/www.radiopresidenteibanez.cl\/web\/minvu-da-inicio-al-diseno-participativo-de-plaza-de-villa-renoval\/","title":{"rendered":"Minvu da inicio al dise\u00f1o participativo de Plaza de Villa Renoval"},"content":{"rendered":"\n<p>Villa Renoval es una peque\u00f1a localidad rural situada en la comuna de Natales, cercana a R\u00edo Rubens, con acceso desde la Ruta 9 Norte. Destacan en la villa, viviendas, Brigada de Bomberos, sede comunitaria y emprendimientos gastron\u00f3micos con sello regional, todos ubicados en torno a la plaza y rodeados de pampa y bosques de vegetaci\u00f3n nativa, en los cuales se sustenta la actividad silvoagropecuaria que dio origen a este asentamiento.<\/p>\n\n\n\n<p>Pese a que la Villa comenz\u00f3 su poblamiento a mediados del siglo pasado, su plaza no satisface las necesidades recreativas y sociales de sus habitantes y visitantes de paso, ya que no cuenta con un dise\u00f1o pertinente a la realidad territorial, presentando un deficiente estado de mantenci\u00f3n y falta de equipamiento apto para el encuentro ciudadano.<\/p>\n\n\n\n<p>\u201cA trav\u00e9s de nuestro Departamento de Desarrollo Urbano dimos respuesta a la problem\u00e1tica planteada el a\u00f1o pasado por la Municipalidad de Natales, que propuso subsanar la falta de un espacio para la recreaci\u00f3n y convivencia en Villa Renoval, postulando el dise\u00f1o de su plaza al llamado regular del Programa de Espacios P\u00fablicos del Ministerio de Vivienda y Urbanismo\u201d, inform\u00f3 el Seremi Marco Uribe Saldivia.<\/p>\n\n\n\n<p>Una vez que la Seremi Minvu obtuvo la recomendaci\u00f3n satisfactoria de parte del Ministerio de Desarrollo Social y Familia en octubre del a\u00f1o pasado, la iniciativa fue seleccionada con un presupuesto de 65 millones de pesos para su etapa de dise\u00f1o. El proyecto fue adjudicado a fines de mayo a la consultora Arquitectura e Ingenier\u00eda Patagonia Arquing Limitada en el proceso de licitaci\u00f3n llevado adelante por el Servicio de Vivienda y Urbanizaci\u00f3n, que actuar\u00e1 como Unidad T\u00e9cnica del proceso de dise\u00f1o participativo.<\/p>\n\n\n\n<p>El Seremi Uribe complement\u00f3 \u201cEstamos muy contentos con este futuro adelanto para las vecinas y vecinos de Villa Renoval, que tienen un profundo arraigo con su localidad y que se ver\u00e1n favorecidos con el enfoque de descentralizaci\u00f3n y equidad territorial de nuestro Gobierno\u201d.<\/p>\n\n\n\n<p>El nuevo dise\u00f1o de la plaza deber\u00e1 contar con zonas de esparcimiento, circulaciones peatonales, \u00e1reas verdes con vegetaci\u00f3n nativa, \u00e1reas de permanencia y juegos, iluminaci\u00f3n eficiente y accesibilidad universal.<\/p>\n\n\n\n<figure class=\"wp-block-table\"><table class=\"has-fixed-layout\"><tbody><tr><td><\/td><\/tr><\/tbody><\/table><\/figure>\n","protected":false},"excerpt":{"rendered":"<p>Villa Renoval es una peque\u00f1a localidad rural situada en la comuna de Natales, cercana a R\u00edo Rubens, con acceso desde la Ruta 9 Norte. Destacan en la villa, viviendas, Brigada&#8230; <a class=\"read-more\" href=\"https:\/\/www.radiopresidenteibanez.cl\/web\/minvu-da-inicio-al-diseno-participativo-de-plaza-de-villa-renoval\/\">Leer m\u00e1s<\/a><\/p>\n","protected":false},"author":2,"featured_media":57261,"comment_status":"closed","ping_status":"closed","sticky":false,"template":"","format":"standard","meta":{"footnotes":""},"categories":[1],"tags":[],"class_list":["post-57260","post","type-post","status-publish","format-standard","has-post-thumbnail","hentry","category-cronica"],"_links":{"self":[{"href":"https:\/\/www.radiopresidenteibanez.cl\/web\/wp-json\/wp\/v2\/posts\/57260","targetHints":{"allow":["GET"]}}],"collection":[{"href":"https:\/\/www.radiopresidenteibanez.cl\/web\/wp-json\/wp\/v2\/posts"}],"about":[{"href":"https:\/\/www.radiopresidenteibanez.cl\/web\/wp-json\/wp\/v2\/types\/post"}],"author":[{"embeddable":true,"href":"https:\/\/www.radiopresidenteibanez.cl\/web\/wp-json\/wp\/v2\/users\/2"}],"replies":[{"embeddable":true,"href":"https:\/\/www.radiopresidenteibanez.cl\/web\/wp-json\/wp\/v2\/comments?post=57260"}],"version-history":[{"count":0,"href":"https:\/\/www.radiopresidenteibanez.cl\/web\/wp-json\/wp\/v2\/posts\/57260\/revisions"}],"wp:featuredmedia":[{"embeddable":true,"href":"https:\/\/www.radiopresidenteibanez.cl\/web\/wp-json\/wp\/v2\/media\/57261"}],"wp:attachment":[{"href":"https:\/\/www.radiopresidenteibanez.cl\/web\/wp-json\/wp\/v2\/media?parent=57260"}],"wp:term":[{"taxonomy":"category","embeddable":true,"href":"https:\/\/www.radiopresidenteibanez.cl\/web\/wp-json\/wp\/v2\/categories?post=57260"},{"taxonomy":"post_tag","embeddable":true,"href":"https:\/\/www.radiopresidenteibanez.cl\/web\/wp-json\/wp\/v2\/tags?post=57260"}],"curies":[{"name":"wp","href":"https:\/\/api.w.org\/{rel}","templated":true}]}}