{"id":5726,"date":"2019-07-15T14:43:49","date_gmt":"2019-07-15T14:43:49","guid":{"rendered":"http:\/\/www.radiopresidenteibanez.cl\/web\/?p=5726"},"modified":"2019-07-15T14:43:59","modified_gmt":"2019-07-15T14:43:59","slug":"dialogo-social-por-ernesto-sepulveda","status":"publish","type":"post","link":"https:\/\/www.radiopresidenteibanez.cl\/web\/dialogo-social-por-ernesto-sepulveda\/","title":{"rendered":"DI\u00c1LOGO SOCIAL por ERNESTO SEPULVEDA"},"content":{"rendered":"\n<p>Amigos y amigas, con mucha molestia y contrariedad han reaccionado las familias de adultos mayores, que residen en el ELEAM de Punta Arenas. A la mala noticia de que las autoridades de Salud regionales, insistir\u00e1n en privatizar este organismo, se sum\u00f3 la desvinculaci\u00f3n de quien ha sido su director y gestor por 7 a\u00f1os, el m\u00e9dico geriatra, mi compa\u00f1ero y amigo el doctor Ram\u00f3n Lobos.<\/p>\n\n\n\n<p>A ratos, pareciera que los altos ejecutivos del gobierno regional, actuaran ex profeso, para alejar cada vez a la ciudadan\u00eda y a la comunidad magall\u00e1nica del gobierno. Est\u00e1 comprobado que Magallanes rechaza categ\u00f3ricamente la privatizaci\u00f3n del ELEAM, si embargo, las autoridades de salud, siguen adelante como si nada.<\/p>\n\n\n\n<p>Sin explicaci\u00f3n alguna comunicaron esta semana, la desvinculaci\u00f3n del Doctor Lobos, sumiendo en la desesperaci\u00f3n y la angustia tanto a pacientes como a sus familias. Es una injusticia a todas luces. Qu\u00e9 raz\u00f3n puede haber a esto, que no sea una vez m\u00e1s la persecuci\u00f3n pol\u00edtica. Lo se por propia experiencia, que ser fiel a tus principios, ser consecuente y decir siempre lo que se piensa, es algo insoportable para los poderosos.<\/p>\n\n\n\n<p>Pero ni con despidos ni amenazas se detiene los procesos sociales. Tengo la certeza de que la lucha por defender el ELEAM, va a continuar con mas fuerza. Que la lucha por la dignidad de nuestros abuelos y abuelas no va a terminar aqu\u00ed.<\/p>\n\n\n\n<p>Lo he dicho anteriormente, nuestros abuelos y abuelas del ELEAM ya no marchan y ya no votan, pero sus familias si lo hacen. Que no se equivoquen los pol\u00edticos, el silencio c\u00f3mplice de algunos, no pasa desapercibido, ser\u00e1 recordado al momento de ir a las urnas nuevamente.<\/p>\n\n\n\n<p>Este conflicto social y sanitario que est\u00e1 en desarrollo candente, no es el \u00fanico. Hemos visto la ausencia de dialogo, de mesa de negociaci\u00f3n o mediaci\u00f3n, donde los actores directamente involucrados en los conflictos puedan resolverlos directamente. En una sociedad del siglo XXI que aspira a ser desarrollada, es \u201cconditio sine quanon\u201d el establecer mesas de trabajo, donde se puedan exponer las diferencias y acordar f\u00f3rmulas de soluci\u00f3n.<\/p>\n\n\n\n<p>Para lograr el desarrollo en nuestra regi\u00f3n, debemos ser capaces de consensuar f\u00f3rmulas, que permitan superar&nbsp;&nbsp;posiciones irreconciliables. Necesitamos con urgencia, establecer instancias de negociaci\u00f3n entre actores validados socialmente. Esta es una obligaci\u00f3n de primer orden para la autoridad pol\u00edtica.<\/p>\n\n\n\n<p>El gobernador regional electo el pr\u00f3ximo a\u00f1o, debe tener el liderazgo para convocar a los actores sociales y productivos, a debatir sobre la futura Estrategia Regional de Desarrollo, 2020-2030.<\/p>\n\n\n\n<p>El futuro de Magallanes depende de nuestra capacidad de ponernos de acuerdo, sobre la estrategia de desarrollo. Existe un consenso transversal en que nuestro desarrollo debe ser sustentable. No vamos a hipotecar nuestras bellezas naturales, pero tampoco vamos a limitar el desarrollo productivo por vetos a priori.<\/p>\n\n\n\n<p>Tenemos mucha experiencia que sacar de los emprendimientos, que intentaron quienes nos precedieron, en la primera mitad del siglo XX. Se vencieron obst\u00e1culos tit\u00e1nicos para hacer habitable, para hacer vivible nuestra patagonia. Se inicio una variada actividad productiva, que nos permit\u00eda suplir las distancias, con mejoras en la calidad de vida.<\/p>\n\n\n\n<p>Un pa\u00eds logra el desarrollo, no s\u00f3lo porque mejora su PIB y&nbsp;&nbsp;su PI per c\u00e1pita. El desarrollo no se mide solo por un mejoramiento de los ingresos promedio. Se requiere iniciativas que promuevan la inclusi\u00f3n. La superaci\u00f3n de inequidades no s\u00f3lo en la distribuci\u00f3n del ingreso, sino tambi\u00e9n en el acceso a bienes culturales.<\/p>\n\n\n\n<p>Se requiere el fortalecimiento del tejido social, consolidar una red de organizaciones de la sociedad civil, que participe efectivamente en la definici\u00f3n de los alcances de las pol\u00edticas p\u00fablicas, que los tienen como beneficiarios.<\/p>\n\n\n\n<p>Cuando luchamos para que la primera autoridad regional, fuera electa por votaci\u00f3n popular, tuvimos en mente que los habitantes de la regi\u00f3n puedan incidir en la marcha de la regi\u00f3n. Que se escuche a la comunidad cuando plantea que un servicio como ELEAM, debe permanecer dentro del sistema p\u00fablico, que se escuche a los trabajadores cuando se vuelcan a las calles a defender sus fuentes de trabajo. Que se escuche a quienes temen que los proyectos de inversi\u00f3n ponen en riesgo, nuestras bellezas naturales.<\/p>\n\n\n\n<p>La gesti\u00f3n p\u00fablica, es compleja porque no basta s\u00f3lo con cumplir indicadores cuantitativos. Estos hay que cumplirlos siempre, pero adem\u00e1s debe conciliarse y deben buscar f\u00f3rmulas de acuerdo, que permitan resolver las diferencias que surjan en nuestra convivencia social.<\/p>\n\n\n\n<p>Creo firmemente en el dialogo social, tuve la oportunidad de desarrollar un modelo de mesas de trabajo sectoriales, tripartitas, con organizaciones de empleadores, sindicatos y autoridad del trabajo. Esta experiencia fue exitosa porque abrimos un espacio, donde tanto empresas como trabajadores&nbsp;&nbsp;expusieran su problem\u00e1tica.&nbsp;&nbsp;Estamos hablando de mesas de trabajo en el sector ganadero,&nbsp;&nbsp;construcci\u00f3n, comercio, mar\u00edtimo-portuario, turismo, sector pesquero.<\/p>\n\n\n\n<p>El dialogo social, entendido como instancia de participaci\u00f3n y de prevenci\u00f3n y de resoluci\u00f3n de conflictos, es una alternativa viable, econ\u00f3mica y accesible para las zonas extremas.<\/p>\n\n\n\n<p>En Magallanes todos nos conocemos.<\/p>\n\n\n\n<p>Soy Ernesto Sep\u00falveda, y espero que la autoridad regional convoque a una mesa de dialogo para resolver los conflictos sociales actualmente en curso en Magallanes.<\/p>\n\n\n\n<p><\/p>\n","protected":false},"excerpt":{"rendered":"<p>Amigos y amigas, con mucha molestia y contrariedad han reaccionado las familias de adultos mayores, que residen en el ELEAM de Punta Arenas. A la mala noticia de que las&#8230; <a class=\"read-more\" href=\"https:\/\/www.radiopresidenteibanez.cl\/web\/dialogo-social-por-ernesto-sepulveda\/\">Leer m\u00e1s<\/a><\/p>\n","protected":false},"author":2,"featured_media":2310,"comment_status":"closed","ping_status":"closed","sticky":false,"template":"","format":"standard","meta":{"footnotes":""},"categories":[1],"tags":[],"class_list":["post-5726","post","type-post","status-publish","format-standard","has-post-thumbnail","hentry","category-cronica"],"_links":{"self":[{"href":"https:\/\/www.radiopresidenteibanez.cl\/web\/wp-json\/wp\/v2\/posts\/5726","targetHints":{"allow":["GET"]}}],"collection":[{"href":"https:\/\/www.radiopresidenteibanez.cl\/web\/wp-json\/wp\/v2\/posts"}],"about":[{"href":"https:\/\/www.radiopresidenteibanez.cl\/web\/wp-json\/wp\/v2\/types\/post"}],"author":[{"embeddable":true,"href":"https:\/\/www.radiopresidenteibanez.cl\/web\/wp-json\/wp\/v2\/users\/2"}],"replies":[{"embeddable":true,"href":"https:\/\/www.radiopresidenteibanez.cl\/web\/wp-json\/wp\/v2\/comments?post=5726"}],"version-history":[{"count":0,"href":"https:\/\/www.radiopresidenteibanez.cl\/web\/wp-json\/wp\/v2\/posts\/5726\/revisions"}],"wp:featuredmedia":[{"embeddable":true,"href":"https:\/\/www.radiopresidenteibanez.cl\/web\/wp-json\/wp\/v2\/media\/2310"}],"wp:attachment":[{"href":"https:\/\/www.radiopresidenteibanez.cl\/web\/wp-json\/wp\/v2\/media?parent=5726"}],"wp:term":[{"taxonomy":"category","embeddable":true,"href":"https:\/\/www.radiopresidenteibanez.cl\/web\/wp-json\/wp\/v2\/categories?post=5726"},{"taxonomy":"post_tag","embeddable":true,"href":"https:\/\/www.radiopresidenteibanez.cl\/web\/wp-json\/wp\/v2\/tags?post=5726"}],"curies":[{"name":"wp","href":"https:\/\/api.w.org\/{rel}","templated":true}]}}