{"id":57257,"date":"2025-06-27T10:49:00","date_gmt":"2025-06-27T13:49:00","guid":{"rendered":"https:\/\/www.radiopresidenteibanez.cl\/web\/?p=57257"},"modified":"2025-06-27T09:57:56","modified_gmt":"2025-06-27T12:57:56","slug":"jornada-extraordinaria-de-atencion-vespertina-beneficia-una-veintena-de-vecinas-y-vecinos-en-puerto-williams","status":"publish","type":"post","link":"https:\/\/www.radiopresidenteibanez.cl\/web\/jornada-extraordinaria-de-atencion-vespertina-beneficia-una-veintena-de-vecinas-y-vecinos-en-puerto-williams\/","title":{"rendered":"Jornada extraordinaria de atenci\u00f3n vespertina beneficia una veintena de vecinas y vecinos en Puerto Williams"},"content":{"rendered":"\n<p>M\u00e1s de 20 personas acudieron a dependencias de la Delegaci\u00f3n Presidencial Provincial de la Ant\u00e1rtica Chilena, en Puerto Williams, con el fin de ser atendidas en una jornada extraordinaria de atenci\u00f3n vespertina que incluy\u00f3 a diversos servicios p\u00fablicos.<\/p>\n\n\n\n<p>En esta instancia, enmarcada en las actividades del programa \u201cGobierno en Terreno\u201d, participaron funcionarias del Registro Civil e Identificaci\u00f3n, adem\u00e1s de las unidades de subsidio a\u00e9reo y social de dicha Delegaci\u00f3n. A ellas se sum\u00f3 un funcionario de Servel, quien, desde Punta Arenas, concurri\u00f3 a realizar atenciones pertinentes.<\/p>\n\n\n\n<p>La delegada presidencial provincial de la Ant\u00e1rtica Chilena, Constanza Calisto Gallardo, destac\u00f3 esta actividad que se caracteriza por realizar servicios a la comunidad mediante horarios extendidos de atenci\u00f3n, siendo, en el caso de esta actividad, el vespertino.<\/p>\n\n\n\n<p>\u201cPara el Gobierno del Presidente Gabriel Boric, es muy relevante acercar los servicios p\u00fablicos a la comunidad. Mediante esta estrategia de atenci\u00f3n extraordinaria, facilitamos que vecinas y vecinos puedan resolver sus necesidades en horarios que m\u00e1s les convengan. Continuaremos fomentando este tipo de iniciativas en beneficio de la ciudadan\u00eda\u201d, sostuvo la m\u00e1s autoridad provincial.<\/p>\n\n\n\n<p>Cabe mencionar que el programa \u201cGobierno en Terreno\u201d es uno de los principales pilares de la Delegaci\u00f3n Ant\u00e1rtica Chilena para acercar los servicios p\u00fablicos a la comunidad, especialmente en zonas apartadas. Justamente, en la reciente Cuenta P\u00fablica Participativa 2025 rendida por la delegada Calisto, se realzaron las acciones de esta iniciativa en el \u00edtem Estado m\u00e1s cerca. Aqu\u00ed, se inform\u00f3 el desarrollo de una treintena de actividades anuales, incluyendo di\u00e1logos participativos, charlas, capacitaciones, plazas ciudadanas, operativos de atenci\u00f3n, en \u00e1mbitos como seguridad p\u00fablica, g\u00e9nero, cultura, entre otros.<\/p>\n\n\n\n<p><br><\/p>\n","protected":false},"excerpt":{"rendered":"<p>M\u00e1s de 20 personas acudieron a dependencias de la Delegaci\u00f3n Presidencial Provincial de la Ant\u00e1rtica Chilena, en Puerto Williams, con el fin de ser atendidas en una jornada extraordinaria de&#8230; <a class=\"read-more\" href=\"https:\/\/www.radiopresidenteibanez.cl\/web\/jornada-extraordinaria-de-atencion-vespertina-beneficia-una-veintena-de-vecinas-y-vecinos-en-puerto-williams\/\">Leer m\u00e1s<\/a><\/p>\n","protected":false},"author":2,"featured_media":57258,"comment_status":"closed","ping_status":"closed","sticky":false,"template":"","format":"standard","meta":{"footnotes":""},"categories":[1],"tags":[],"class_list":["post-57257","post","type-post","status-publish","format-standard","has-post-thumbnail","hentry","category-cronica"],"_links":{"self":[{"href":"https:\/\/www.radiopresidenteibanez.cl\/web\/wp-json\/wp\/v2\/posts\/57257","targetHints":{"allow":["GET"]}}],"collection":[{"href":"https:\/\/www.radiopresidenteibanez.cl\/web\/wp-json\/wp\/v2\/posts"}],"about":[{"href":"https:\/\/www.radiopresidenteibanez.cl\/web\/wp-json\/wp\/v2\/types\/post"}],"author":[{"embeddable":true,"href":"https:\/\/www.radiopresidenteibanez.cl\/web\/wp-json\/wp\/v2\/users\/2"}],"replies":[{"embeddable":true,"href":"https:\/\/www.radiopresidenteibanez.cl\/web\/wp-json\/wp\/v2\/comments?post=57257"}],"version-history":[{"count":0,"href":"https:\/\/www.radiopresidenteibanez.cl\/web\/wp-json\/wp\/v2\/posts\/57257\/revisions"}],"wp:featuredmedia":[{"embeddable":true,"href":"https:\/\/www.radiopresidenteibanez.cl\/web\/wp-json\/wp\/v2\/media\/57258"}],"wp:attachment":[{"href":"https:\/\/www.radiopresidenteibanez.cl\/web\/wp-json\/wp\/v2\/media?parent=57257"}],"wp:term":[{"taxonomy":"category","embeddable":true,"href":"https:\/\/www.radiopresidenteibanez.cl\/web\/wp-json\/wp\/v2\/categories?post=57257"},{"taxonomy":"post_tag","embeddable":true,"href":"https:\/\/www.radiopresidenteibanez.cl\/web\/wp-json\/wp\/v2\/tags?post=57257"}],"curies":[{"name":"wp","href":"https:\/\/api.w.org\/{rel}","templated":true}]}}