{"id":57251,"date":"2025-06-27T08:49:00","date_gmt":"2025-06-27T11:49:00","guid":{"rendered":"https:\/\/www.radiopresidenteibanez.cl\/web\/?p=57251"},"modified":"2025-06-27T08:22:49","modified_gmt":"2025-06-27T11:22:49","slug":"boletin-informativo-orbe-43","status":"publish","type":"post","link":"https:\/\/www.radiopresidenteibanez.cl\/web\/boletin-informativo-orbe-43\/","title":{"rendered":"BOLETIN INFORMATIVO ORBE"},"content":{"rendered":"\n<p>SANTIAGO.- Un nuevo roce se gener\u00f3 entre el Socialismo<br>Democr\u00e1tico y el Frente Amplio, ahora, a d\u00edas de las<br>elecciones primarias, por el video que parlamentarios de<br>Partido Socialista hicieron en favor a Carolina Toh\u00e1,<br>apuntando a la inexperiencia de los frenteamplistas en el<br>Gobierno. El sketch titulado \u00abIntensamente por Toh\u00e1\u00bb, se\u00f1ala<br>que la exministra del Interior es la \u00fanica que puede ganar a<br>la oposici\u00f3n \u00aby no es una estudiante en pr\u00e1ctica\u00bb.<\/p>\n\n\n\n<p>SANTIAGO.- De esa manera, el registro audivisual se\u00f1ala que<br>\u00abCarolina tiene experiencia, no viene a hacer un Gobierno en<br>pr\u00e1ctica, y lo que es mejor, puede ganar\u00bb, se\u00f1alan. Tambi\u00e9n,<br>sostienen que \u00absin ella el Gobierno hubiese sido un<br>desastre\u00bb. En respuesta, la presidenta del Frente Amplio,<br>Constanza Mart\u00ednez, consider\u00f3 el video como una falta de<br>respeto con el Mandatario.<\/p>\n\n\n\n<p>SANTIAGO.- Mart\u00ednez a\u00f1adi\u00f3 que \u00abes un video muy lamentable,<br>primero porque es muy irrespetuoso con el Presidente Gabriel<br>Boric, con el trabajo que se ha realizado, porque no se<br>reconoce que fue \u00e9l quien logra ganarle a la derecha\u00bb.<br>Asimismo, acus\u00f3 que \u00abes poco autocr\u00edtico respecto a todos los<br>aprendizajes de estos cuatro a\u00f1os de Gobierno. Los gobiernos,<br>en lo bueno y en lo malo, son responsabilidad de todos<br>quienes somos parte del Gobierno\u00bb, afirm\u00f3.<\/p>\n\n\n\n<p>SANTIAGO.- En tanto, consultada sobre el tema la abanderada<br>del Socialismo Democr\u00e1tico, Carolina Toh\u00e1, se\u00f1al\u00f3 que<br>\u00abencuentro que es una humorada, lo encontr\u00e9 divertido. Trato<br>de no enrollarme en esas cosas en general\u00bb. Sobre la presunta<br>intenci\u00f3n del sector de desmarcarse del Gobierno, dijo que<br>\u00abla manera en que hemos sido parte del Gobierno, la lealtad,<br>la dedicaci\u00f3n, el alma que le hemos puesto, es demasiado<br>contundente. Una humorada como esta no nos va a poner en<br>discusi\u00f3n\u00bb, cerr\u00f3.<\/p>\n\n\n\n<p>SANTIAGO.- El ex subsecretario del Interior, Manuel Monsalve,<br>present\u00f3 un recurso de protecci\u00f3n ante la Corte de<br>Apelaciones, en contra del Gobierno y la Contralor\u00eda General<br>de la Rep\u00fablica. La ex autoridad, quien cumple arresto<br>domiciliario total tras ser formalizado por una denuncia de<br>violaci\u00f3n contra una subalterna, argumenta que el sumario en<br>su contra es ilegal, carece de \u00abuna adecuada motivaci\u00f3n y se<br>adoptaron estando cursada mi renuncia\u00bb.<\/p>\n\n\n\n<p>SANTIAGO.- Adem\u00e1s, Monsalve plante\u00f3 que \u00abal haberse cursado<br>mi renuncia el mismo d\u00eda en que aparece tramitado el acto<br>administrativo que dio origen al sumario, pese a tener<br>antedatado el d\u00eda 16 de octubre de 2024, significa que el<br>sumario administrativo carecer\u00eda de competencia material,<br>siendo la tramitaci\u00f3n la propia de una comisi\u00f3n especial\u00bb.<br>\u00abHago presente que el supuesto sumario instruido en la<br>Subsecretar\u00eda del Interior jam\u00e1s me fue notificado\u00bb,<br>expres\u00f3.<\/p>\n\n\n\n<p>SANTIAGO-. Ante esto, la Subsecretar\u00eda del Interior respondi\u00f3<br>que fue notificada de un requerimiento de informe de la Corte<br>de Apelaciones de Santiago, en el contexto de un recurso de<br>protecci\u00f3n interpuesto contra este servicio y la Contralor\u00eda<br>General de la Rep\u00fablica por Manuel Monsalve\u00bb. \u00abComo<br>corresponde, ante este tipo de requerimientos, aportar\u00e1 todos<br>los antecedentes e informaci\u00f3n necesaria para que la justicia<br>pueda desarrollar su labor de la mejor forma posible\u00bb,<br>cerr\u00f3.<\/p>\n","protected":false},"excerpt":{"rendered":"<p>SANTIAGO.- Un nuevo roce se gener\u00f3 entre el SocialismoDemocr\u00e1tico y el Frente Amplio, ahora, a d\u00edas de laselecciones primarias, por el video que parlamentarios dePartido Socialista hicieron en favor a&#8230; <a class=\"read-more\" href=\"https:\/\/www.radiopresidenteibanez.cl\/web\/boletin-informativo-orbe-43\/\">Leer m\u00e1s<\/a><\/p>\n","protected":false},"author":2,"featured_media":57252,"comment_status":"closed","ping_status":"closed","sticky":false,"template":"","format":"standard","meta":{"footnotes":""},"categories":[1],"tags":[],"class_list":["post-57251","post","type-post","status-publish","format-standard","has-post-thumbnail","hentry","category-cronica"],"_links":{"self":[{"href":"https:\/\/www.radiopresidenteibanez.cl\/web\/wp-json\/wp\/v2\/posts\/57251","targetHints":{"allow":["GET"]}}],"collection":[{"href":"https:\/\/www.radiopresidenteibanez.cl\/web\/wp-json\/wp\/v2\/posts"}],"about":[{"href":"https:\/\/www.radiopresidenteibanez.cl\/web\/wp-json\/wp\/v2\/types\/post"}],"author":[{"embeddable":true,"href":"https:\/\/www.radiopresidenteibanez.cl\/web\/wp-json\/wp\/v2\/users\/2"}],"replies":[{"embeddable":true,"href":"https:\/\/www.radiopresidenteibanez.cl\/web\/wp-json\/wp\/v2\/comments?post=57251"}],"version-history":[{"count":0,"href":"https:\/\/www.radiopresidenteibanez.cl\/web\/wp-json\/wp\/v2\/posts\/57251\/revisions"}],"wp:featuredmedia":[{"embeddable":true,"href":"https:\/\/www.radiopresidenteibanez.cl\/web\/wp-json\/wp\/v2\/media\/57252"}],"wp:attachment":[{"href":"https:\/\/www.radiopresidenteibanez.cl\/web\/wp-json\/wp\/v2\/media?parent=57251"}],"wp:term":[{"taxonomy":"category","embeddable":true,"href":"https:\/\/www.radiopresidenteibanez.cl\/web\/wp-json\/wp\/v2\/categories?post=57251"},{"taxonomy":"post_tag","embeddable":true,"href":"https:\/\/www.radiopresidenteibanez.cl\/web\/wp-json\/wp\/v2\/tags?post=57251"}],"curies":[{"name":"wp","href":"https:\/\/api.w.org\/{rel}","templated":true}]}}