{"id":57247,"date":"2025-06-26T21:49:00","date_gmt":"2025-06-27T00:49:00","guid":{"rendered":"https:\/\/www.radiopresidenteibanez.cl\/web\/?p=57247"},"modified":"2025-06-27T08:17:25","modified_gmt":"2025-06-27T11:17:25","slug":"el-frente-amplio-culmina-su-campana-con-banderazo-en-punta-arenas-y-respaldo-a-gonzalo-winter","status":"publish","type":"post","link":"https:\/\/www.radiopresidenteibanez.cl\/web\/el-frente-amplio-culmina-su-campana-con-banderazo-en-punta-arenas-y-respaldo-a-gonzalo-winter\/","title":{"rendered":"El Frente Amplio culmina su campa\u00f1a con banderazo en Punta Arenas y respaldo a Gonzalo Winter"},"content":{"rendered":"\n<p>Luego de casi un mes de campa\u00f1a, en el que los cuatro candidatos progresistas tuvieron la oportunidad de dar a conocer sus propuestas y aspiraciones ante la ciudadan\u00eda, el Frente Amplio dio por cerrado oficialmente el periodo legal de campa\u00f1a con una actividad en el Cerro La Cruz de Punta Arenas. A pesar de las condiciones clim\u00e1ticas adversas que han caracterizado los \u00faltimos d\u00edas en la capital regional, militantes, simpatizantes e independientes se congregaron en el centro de la ciudad para participar de un banderazo en apoyo a Gonzalo Winter, quien busca convertirse en el candidato \u00fanico del oficialismo para las pr\u00f3ximas elecciones de noviembre.<\/p>\n\n\n\n<p>Con una asistencia estimada de cerca de 40 personas, la actividad reflej\u00f3 el entusiasmo, la convicci\u00f3n y la esperanza con la que se ha desarrollado la campa\u00f1a en el extremo sur del pa\u00eds. En este encuentro, el presidente del Frente Amplio en Magallanes, Pablo Cifuentes, valor\u00f3 el esfuerzo desplegado por las y los asistentes, destacando el simbolismo de realizar esta actividad en condiciones adversas: \u201cDesde el extremo sur de Chile damos por finalizada la campa\u00f1a de Gonzalo Winter, esperando haber cumplido el objetivo de dar a conocer las propuestas de nuestro candidato y la forma en que imaginamos el Chile del futuro\u201d.<\/p>\n\n\n\n<p>En la actividad tambi\u00e9n estuvo presente la diputada magall\u00e1nica Javiera Morales, quien subray\u00f3 la importancia de esta elecci\u00f3n interna, proyectando su relevancia en el panorama pol\u00edtico nacional. \u201cEstamos en un momento clave. Lo que se juega este domingo no es solo una candidatura, sino la capacidad del progresismo de articularse y ofrecer una alternativa real al avance de la derecha. Para eso se necesita un liderazgo firme, con capacidad de di\u00e1logo, de movilizaci\u00f3n social y con propuestas concretas para transformar Chile. En ese sentido, Gonzalo Winter representa una apuesta clara por la unidad y la continuidad del proyecto progresista. Es, sin duda, la mejor opci\u00f3n por la cual votar este domingo 29\u201d.<\/p>\n\n\n\n<p>Por su parte, Jonathan C\u00e1rcamo, concejal de la comuna de Punta Arenas, se\u00f1al\u00f3 la relevancia de \u201cacudir a las urnas este 29 de junio, teniendo en cuenta nuestro territorio y sus necesidades. En este sentido, las distintas f\u00f3rmulas que propone nuestro candidato Gonzalo Winter para hacer frente a la desigualdad desde lo local como por ejemplo, aumentar el aporte del Tesoro P\u00fablico al Fondo Com\u00fan Municipal, permiten avanzar hacia una redistribuci\u00f3n m\u00e1s justa de los recursos hacia los territorios con menores ingresos propios\u201d, recalc\u00f3.<\/p>\n\n\n\n<p>Con este cierre de campa\u00f1a, el Frente Amplio culmina una etapa de despliegue territorial, debates program\u00e1ticos y encuentros con vecinos y vecinas de la regi\u00f3n, apostando a consolidar un liderazgo que no solo represente las aspiraciones del bloque, sino tambi\u00e9n las demandas urgentes de la ciudadan\u00eda.<\/p>\n","protected":false},"excerpt":{"rendered":"<p>Luego de casi un mes de campa\u00f1a, en el que los cuatro candidatos progresistas tuvieron la oportunidad de dar a conocer sus propuestas y aspiraciones ante la ciudadan\u00eda, el Frente&#8230; <a class=\"read-more\" href=\"https:\/\/www.radiopresidenteibanez.cl\/web\/el-frente-amplio-culmina-su-campana-con-banderazo-en-punta-arenas-y-respaldo-a-gonzalo-winter\/\">Leer m\u00e1s<\/a><\/p>\n","protected":false},"author":2,"featured_media":57248,"comment_status":"closed","ping_status":"closed","sticky":false,"template":"","format":"standard","meta":{"footnotes":""},"categories":[1],"tags":[],"class_list":["post-57247","post","type-post","status-publish","format-standard","has-post-thumbnail","hentry","category-cronica"],"_links":{"self":[{"href":"https:\/\/www.radiopresidenteibanez.cl\/web\/wp-json\/wp\/v2\/posts\/57247","targetHints":{"allow":["GET"]}}],"collection":[{"href":"https:\/\/www.radiopresidenteibanez.cl\/web\/wp-json\/wp\/v2\/posts"}],"about":[{"href":"https:\/\/www.radiopresidenteibanez.cl\/web\/wp-json\/wp\/v2\/types\/post"}],"author":[{"embeddable":true,"href":"https:\/\/www.radiopresidenteibanez.cl\/web\/wp-json\/wp\/v2\/users\/2"}],"replies":[{"embeddable":true,"href":"https:\/\/www.radiopresidenteibanez.cl\/web\/wp-json\/wp\/v2\/comments?post=57247"}],"version-history":[{"count":0,"href":"https:\/\/www.radiopresidenteibanez.cl\/web\/wp-json\/wp\/v2\/posts\/57247\/revisions"}],"wp:featuredmedia":[{"embeddable":true,"href":"https:\/\/www.radiopresidenteibanez.cl\/web\/wp-json\/wp\/v2\/media\/57248"}],"wp:attachment":[{"href":"https:\/\/www.radiopresidenteibanez.cl\/web\/wp-json\/wp\/v2\/media?parent=57247"}],"wp:term":[{"taxonomy":"category","embeddable":true,"href":"https:\/\/www.radiopresidenteibanez.cl\/web\/wp-json\/wp\/v2\/categories?post=57247"},{"taxonomy":"post_tag","embeddable":true,"href":"https:\/\/www.radiopresidenteibanez.cl\/web\/wp-json\/wp\/v2\/tags?post=57247"}],"curies":[{"name":"wp","href":"https:\/\/api.w.org\/{rel}","templated":true}]}}