{"id":57243,"date":"2025-06-27T08:09:39","date_gmt":"2025-06-27T11:09:39","guid":{"rendered":"https:\/\/www.radiopresidenteibanez.cl\/web\/?p=57243"},"modified":"2025-06-27T08:10:28","modified_gmt":"2025-06-27T11:10:28","slug":"aguas-magallanes-aporta-cinco-bicicletas-para-ser-sorteadas-entre-los-participantes-de-la-ix-corrida-nocturna-familiar-2025","status":"publish","type":"post","link":"https:\/\/www.radiopresidenteibanez.cl\/web\/aguas-magallanes-aporta-cinco-bicicletas-para-ser-sorteadas-entre-los-participantes-de-la-ix-corrida-nocturna-familiar-2025\/","title":{"rendered":"AGUAS MAGALLANES APORTA CINCO BICICLETAS PARA SER SORTEADAS ENTRE LOS PARTICIPANTES DE LA IX CORRIDA NOCTURNA FAMILIAR 2025"},"content":{"rendered":"\n<p>Una significativa colaboraci\u00f3n realiz\u00f3 esta ma\u00f1ana Aguas Magallanes a la IX versi\u00f3n de la Corrida Familiar Nocturna organizada por la serem\u00eda del Deporte y el Instituto Nacional de Deportes de Magallanes. La actividad, que en sus versiones anteriores ha concitado un importante n\u00famero de participantes, este a\u00f1o espera congregar a m\u00e1s de 5 mil personas el pr\u00f3ximo s\u00e1bado 26 de julio, en una de las actividades deportivas y recreativas gratuitas m\u00e1s importantes de esta \u00e9poca del a\u00f1o.<\/p>\n\n\n\n<p>Alejandro Olate Levet, seremi del Deporte, valor\u00f3 el apoyo de Aguas Magallanes destacando la voluntad y participaci\u00f3n del sector privado. De igual forma record\u00f3 que las inscripciones para esta novena versi\u00f3n de la corrida nocturna familiar 2025, estar\u00e1n abiertas a partir del 1 de julio a trav\u00e9s del sitio&nbsp;<a href=\"http:\/\/www.ind.cl\/\" target=\"_blank\" rel=\"noreferrer noopener\">www.ind.cl<\/a>. Olate detall\u00f3 que los tramos de la corrida ser\u00e1n 2.5, 5 y 10K y el punto de partida ser\u00e1 desde el Parque Quinto Centenario ubicado en la costanera de Punta Arenas.<\/p>\n\n\n\n<p>En relaci\u00f3n con el aporte, Christian Adema Galetovic, gerente regional de la compa\u00f1\u00eda destac\u00f3 que, \u201cesta iniciativa permite a las familias realizar una linda actividad en una \u00e9poca que tiene una magia especial para quienes vivimos en Magallanes. Estamos muy felices de participar y colaborar\u201d, puntualiz\u00f3.<\/p>\n","protected":false},"excerpt":{"rendered":"<p>Una significativa colaboraci\u00f3n realiz\u00f3 esta ma\u00f1ana Aguas Magallanes a la IX versi\u00f3n de la Corrida Familiar Nocturna organizada por la serem\u00eda del Deporte y el Instituto Nacional de Deportes de&#8230; <a class=\"read-more\" href=\"https:\/\/www.radiopresidenteibanez.cl\/web\/aguas-magallanes-aporta-cinco-bicicletas-para-ser-sorteadas-entre-los-participantes-de-la-ix-corrida-nocturna-familiar-2025\/\">Leer m\u00e1s<\/a><\/p>\n","protected":false},"author":2,"featured_media":57244,"comment_status":"closed","ping_status":"closed","sticky":false,"template":"","format":"standard","meta":{"footnotes":""},"categories":[1],"tags":[],"class_list":["post-57243","post","type-post","status-publish","format-standard","has-post-thumbnail","hentry","category-cronica"],"_links":{"self":[{"href":"https:\/\/www.radiopresidenteibanez.cl\/web\/wp-json\/wp\/v2\/posts\/57243","targetHints":{"allow":["GET"]}}],"collection":[{"href":"https:\/\/www.radiopresidenteibanez.cl\/web\/wp-json\/wp\/v2\/posts"}],"about":[{"href":"https:\/\/www.radiopresidenteibanez.cl\/web\/wp-json\/wp\/v2\/types\/post"}],"author":[{"embeddable":true,"href":"https:\/\/www.radiopresidenteibanez.cl\/web\/wp-json\/wp\/v2\/users\/2"}],"replies":[{"embeddable":true,"href":"https:\/\/www.radiopresidenteibanez.cl\/web\/wp-json\/wp\/v2\/comments?post=57243"}],"version-history":[{"count":0,"href":"https:\/\/www.radiopresidenteibanez.cl\/web\/wp-json\/wp\/v2\/posts\/57243\/revisions"}],"wp:featuredmedia":[{"embeddable":true,"href":"https:\/\/www.radiopresidenteibanez.cl\/web\/wp-json\/wp\/v2\/media\/57244"}],"wp:attachment":[{"href":"https:\/\/www.radiopresidenteibanez.cl\/web\/wp-json\/wp\/v2\/media?parent=57243"}],"wp:term":[{"taxonomy":"category","embeddable":true,"href":"https:\/\/www.radiopresidenteibanez.cl\/web\/wp-json\/wp\/v2\/categories?post=57243"},{"taxonomy":"post_tag","embeddable":true,"href":"https:\/\/www.radiopresidenteibanez.cl\/web\/wp-json\/wp\/v2\/tags?post=57243"}],"curies":[{"name":"wp","href":"https:\/\/api.w.org\/{rel}","templated":true}]}}