{"id":57240,"date":"2025-06-26T18:39:00","date_gmt":"2025-06-26T21:39:00","guid":{"rendered":"https:\/\/www.radiopresidenteibanez.cl\/web\/?p=57240"},"modified":"2025-06-26T11:44:22","modified_gmt":"2025-06-26T14:44:22","slug":"porvenir-conmemoro-el-dia-nacional-de-los-pueblos-indigenas-con-un-homenaje-a-la-cultura-selknam","status":"publish","type":"post","link":"https:\/\/www.radiopresidenteibanez.cl\/web\/porvenir-conmemoro-el-dia-nacional-de-los-pueblos-indigenas-con-un-homenaje-a-la-cultura-selknam\/","title":{"rendered":"Porvenir conmemor\u00f3 el D\u00eda Nacional de los Pueblos Ind\u00edgenas con un homenaje a la cultura Selk&#8217;nam"},"content":{"rendered":"\n<p>En el marco de la conmemoraci\u00f3n del D\u00eda Nacional de los Pueblos Ind\u00edgenas, el delegado<br>presidencial provincial de Tierra del Fuego, Jos\u00e9 Campos Prieto, junto a los asesores<br>territoriales de la Delegaci\u00f3n, participaron en la muestra de artesan\u00eda realizada en la Casa<br>de la Cultura de la comuna de Porvenir.<br>Durante la jornada, se destac\u00f3 la importancia de visibilizar y reconocer la cultura Selk&#8217;nam<br>como parte fundamental del patrimonio de Tierra del Fuego. En esta l\u00ednea, se valor\u00f3 el<br>compromiso de quienes, mediante el arte, preservan las tradiciones y saberes ancestrales de<br>los pueblos originarios.<br>El recorrido por la muestra fue guiado por el maestro artesano fueguino Gast\u00f3n P\u00e9rez<br>Araya, quien comparti\u00f3 con los asistentes una exposici\u00f3n detallada sobre los elementos<br>culturales del pueblo Selk&#8217;nam, incluyendo la elaboraci\u00f3n de herramientas, accesorios y<br>t\u00e9cnicas utilizadas por sus antepasados.<br>Esta instancia se suma a las acciones impulsadas en el territorio para conmemorar a los<br>pueblos ind\u00edgenas, reafirmando el compromiso de las instituciones p\u00fablicas con la<br>promoci\u00f3n de su cultura, identidad y derechos hist\u00f3ricos.<br>La muestra permanecer\u00e1 abierta hasta el 27 de junio en las dependencias de la Casa de la<br>Cultura, ubicada en Manuel Bulnes #449, Porvenir.<\/p>\n","protected":false},"excerpt":{"rendered":"<p>En el marco de la conmemoraci\u00f3n del D\u00eda Nacional de los Pueblos Ind\u00edgenas, el delegadopresidencial provincial de Tierra del Fuego, Jos\u00e9 Campos Prieto, junto a los asesoresterritoriales de la Delegaci\u00f3n,&#8230; <a class=\"read-more\" href=\"https:\/\/www.radiopresidenteibanez.cl\/web\/porvenir-conmemoro-el-dia-nacional-de-los-pueblos-indigenas-con-un-homenaje-a-la-cultura-selknam\/\">Leer m\u00e1s<\/a><\/p>\n","protected":false},"author":2,"featured_media":57241,"comment_status":"closed","ping_status":"closed","sticky":false,"template":"","format":"standard","meta":{"footnotes":""},"categories":[1],"tags":[],"class_list":["post-57240","post","type-post","status-publish","format-standard","has-post-thumbnail","hentry","category-cronica"],"_links":{"self":[{"href":"https:\/\/www.radiopresidenteibanez.cl\/web\/wp-json\/wp\/v2\/posts\/57240","targetHints":{"allow":["GET"]}}],"collection":[{"href":"https:\/\/www.radiopresidenteibanez.cl\/web\/wp-json\/wp\/v2\/posts"}],"about":[{"href":"https:\/\/www.radiopresidenteibanez.cl\/web\/wp-json\/wp\/v2\/types\/post"}],"author":[{"embeddable":true,"href":"https:\/\/www.radiopresidenteibanez.cl\/web\/wp-json\/wp\/v2\/users\/2"}],"replies":[{"embeddable":true,"href":"https:\/\/www.radiopresidenteibanez.cl\/web\/wp-json\/wp\/v2\/comments?post=57240"}],"version-history":[{"count":0,"href":"https:\/\/www.radiopresidenteibanez.cl\/web\/wp-json\/wp\/v2\/posts\/57240\/revisions"}],"wp:featuredmedia":[{"embeddable":true,"href":"https:\/\/www.radiopresidenteibanez.cl\/web\/wp-json\/wp\/v2\/media\/57241"}],"wp:attachment":[{"href":"https:\/\/www.radiopresidenteibanez.cl\/web\/wp-json\/wp\/v2\/media?parent=57240"}],"wp:term":[{"taxonomy":"category","embeddable":true,"href":"https:\/\/www.radiopresidenteibanez.cl\/web\/wp-json\/wp\/v2\/categories?post=57240"},{"taxonomy":"post_tag","embeddable":true,"href":"https:\/\/www.radiopresidenteibanez.cl\/web\/wp-json\/wp\/v2\/tags?post=57240"}],"curies":[{"name":"wp","href":"https:\/\/api.w.org\/{rel}","templated":true}]}}