{"id":57237,"date":"2025-06-26T17:06:00","date_gmt":"2025-06-26T20:06:00","guid":{"rendered":"https:\/\/www.radiopresidenteibanez.cl\/web\/?p=57237"},"modified":"2025-06-26T11:35:21","modified_gmt":"2025-06-26T14:35:21","slug":"minvu-entrega-nuevo-espacio-publico-de-calidad-para-punta-arenas","status":"publish","type":"post","link":"https:\/\/www.radiopresidenteibanez.cl\/web\/minvu-entrega-nuevo-espacio-publico-de-calidad-para-punta-arenas\/","title":{"rendered":"Minvu entrega nuevo espacio p\u00fablico de calidad para Punta Arenas"},"content":{"rendered":"\n<p>La avenida Espa\u00f1a, una de las arterias m\u00e1s transitadas del centro de Punta Arenas, cuenta desde hoy con un nuevo est\u00e1ndar urbano gracias al proyecto de mejoramiento de sus bandejones centrales y la habilitaci\u00f3n de un nuevo tramo de ciclov\u00eda. La obra fue entregada por el Ministerio de Vivienda y Urbanismo (Minvu) y beneficiar\u00e1 cientos de personas que a diario transitan por este sector.<\/p>\n\n\n\n<p>Se trata de una intervenci\u00f3n que abarc\u00f3 el tramo entre las avenidas Independencia y Crist\u00f3bal Col\u00f3n, incorporando 600 metros lineales de ciclov\u00eda bidireccional, \u00e1reas de juegos infantiles, circulaci\u00f3n pavimentada con accesibilidad universal, zonas de permanencia, cruces peatonales rebajados e iluminaci\u00f3n led soterrada.<\/p>\n\n\n\n<p>\u00abEsta obra refleja el enfoque del Plan Ciudades Justas, al no solo ampliar la red de ciclorrutas, sino tambi\u00e9n incorporar un mejoramiento integral del entorno. A diferencia de lo que ocurri\u00f3 en el tramo entre Pedro Aguirre Cerda y Avenida Independencia, donde se construy\u00f3 s\u00f3lo el paseo peatonal y la ciclov\u00eda, sin embargo, en esta etapa tambi\u00e9n mejoramos toda el \u00e1rea verde. El Ministerio de Vivienda y Urbanismo se la jug\u00f3 por dignificar y revitalizar este espacio, pensando en una ciudad m\u00e1s inclusiva y con mejor calidad de vida para todas y todos\u201d, destac\u00f3 el seremi del Minvu,&nbsp;<strong>Marco Uribe Saldivia<\/strong>.<\/p>\n\n\n\n<p>La recuperaci\u00f3n de este espacio p\u00fablico fue destacada por las y los vecinos del sector, quienes valoraron el hermoseamiento del entorno, la incorporaci\u00f3n de m\u00e1s \u00e1reas verdes y la mejora en la seguridad, especialmente gracias al nuevo sistema de iluminaci\u00f3n peatonal soterrada.<\/p>\n\n\n\n<p>\u00abEste es un proyecto que qued\u00f3 muy bonito. La iluminaci\u00f3n es espectacular y las \u00e1reas verdes est\u00e1n muy bien dise\u00f1adas. El paseo peatonal al centro de la avenida se ve excelente, especialmente de noche, donde todo se ilumina con claridad. Lo m\u00e1s destacable es que todo el sistema el\u00e9ctrico es soterrado, lo que mejora a\u00fan m\u00e1s la belleza del lugar. Creo que todas y todos los vecinos deber\u00edamos sentirnos contentos, porque esto muestra que la ciudad est\u00e1 progresando\u201d, coment\u00f3&nbsp;<strong>Ricardo Saquel Venegas<\/strong>, vecino del sector.<\/p>\n\n\n\n<p>Las obras fueron financiadas \u00edntegramente por el Minvu, con una inversi\u00f3n de 1.783 millones de pesos y ejecutadas por la empresa constructora Eliecer Elder Soto Oyarz\u00fan (EESO). La intervenci\u00f3n tambi\u00e9n incluy\u00f3 semaforizaci\u00f3n, se\u00f1al\u00e9tica, paisajismo, mobiliario urbano y accesibilidad universal. El proyecto ya fue entregado oficialmente a la Municipalidad de Punta Arenas, que estar\u00e1 a cargo de su mantenci\u00f3n.<\/p>\n\n\n\n<p>\u00abEsta intervenci\u00f3n considera dos contratos. El primero corresponde al Ciclo Parque, que habilita una ciclov\u00eda de 750 metros lineales entre avenida Independencia y Col\u00f3n, con accesibilidad universal para personas con movilidad reducida y personas ciegas, junto a elementos de seguridad como iluminaci\u00f3n soterrada, se\u00f1al\u00e9tica y semaforizaci\u00f3n en cruces peatonales. El segundo contrato est\u00e1 enfocado en el paisajismo: se plantaron m\u00e1s de 16 mil especies, se conservaron los \u00e1rboles existentes, se incorpor\u00f3 c\u00e9sped y se trabaj\u00f3 con especialistas para mejorar la experiencia visual del paseo\u201d, detall\u00f3 el director (s) del SERVIU,&nbsp;<strong>Omar Gonz\u00e1lez Asenjo<\/strong>.<\/p>\n\n\n\n<p>Este tipo de iniciativas responde al enfoque del Plan Ciudades Justas que impulsa el Minvu y al compromiso del gobierno del Presidente Gabriel Boric por transformar los espacios urbanos en lugares m\u00e1s equitativos, seguros e inclusivos. La recuperaci\u00f3n de bandejones y la promoci\u00f3n de la movilidad activa son claves para fomentar una mejor calidad de vida en todos los territorios.<strong><\/strong><\/p>\n\n\n\n<p>\u00abEn el marco del Plan de Seguridad Justa, impulsado por el Gobierno del Presidente Gabriel Boric, este proyecto busca recuperar espacios p\u00fablicos para mejorar la calidad de vida de las personas. Esta obra no solo fomenta la movilidad activa, sino que tambi\u00e9n promueve el encuentro comunitario en entornos m\u00e1s seguros, iluminados y dise\u00f1ados con enfoque inclusivo, respondiendo a una ciudad que avanza hacia una mejor convivencia urbana\u201d, finaliz\u00f3 el delegado presidencia,&nbsp;<strong>Jos\u00e9 Ruiz Pivcecic<\/strong>.<\/p>\n\n\n\n<p>Con esta obra, el Minvu refuerza su compromiso con la construcci\u00f3n de ciudades m\u00e1s amables, integradas y sustentables. A trav\u00e9s de mejoras concretas en el espacio p\u00fablico, se promueven entornos seguros, accesibles y pensados para todas y todos.<\/p>\n","protected":false},"excerpt":{"rendered":"<p>La avenida Espa\u00f1a, una de las arterias m\u00e1s transitadas del centro de Punta Arenas, cuenta desde hoy con un nuevo est\u00e1ndar urbano gracias al proyecto de mejoramiento de sus bandejones&#8230; <a class=\"read-more\" href=\"https:\/\/www.radiopresidenteibanez.cl\/web\/minvu-entrega-nuevo-espacio-publico-de-calidad-para-punta-arenas\/\">Leer m\u00e1s<\/a><\/p>\n","protected":false},"author":2,"featured_media":57238,"comment_status":"closed","ping_status":"closed","sticky":false,"template":"","format":"standard","meta":{"footnotes":""},"categories":[1],"tags":[],"class_list":["post-57237","post","type-post","status-publish","format-standard","has-post-thumbnail","hentry","category-cronica"],"_links":{"self":[{"href":"https:\/\/www.radiopresidenteibanez.cl\/web\/wp-json\/wp\/v2\/posts\/57237","targetHints":{"allow":["GET"]}}],"collection":[{"href":"https:\/\/www.radiopresidenteibanez.cl\/web\/wp-json\/wp\/v2\/posts"}],"about":[{"href":"https:\/\/www.radiopresidenteibanez.cl\/web\/wp-json\/wp\/v2\/types\/post"}],"author":[{"embeddable":true,"href":"https:\/\/www.radiopresidenteibanez.cl\/web\/wp-json\/wp\/v2\/users\/2"}],"replies":[{"embeddable":true,"href":"https:\/\/www.radiopresidenteibanez.cl\/web\/wp-json\/wp\/v2\/comments?post=57237"}],"version-history":[{"count":0,"href":"https:\/\/www.radiopresidenteibanez.cl\/web\/wp-json\/wp\/v2\/posts\/57237\/revisions"}],"wp:featuredmedia":[{"embeddable":true,"href":"https:\/\/www.radiopresidenteibanez.cl\/web\/wp-json\/wp\/v2\/media\/57238"}],"wp:attachment":[{"href":"https:\/\/www.radiopresidenteibanez.cl\/web\/wp-json\/wp\/v2\/media?parent=57237"}],"wp:term":[{"taxonomy":"category","embeddable":true,"href":"https:\/\/www.radiopresidenteibanez.cl\/web\/wp-json\/wp\/v2\/categories?post=57237"},{"taxonomy":"post_tag","embeddable":true,"href":"https:\/\/www.radiopresidenteibanez.cl\/web\/wp-json\/wp\/v2\/tags?post=57237"}],"curies":[{"name":"wp","href":"https:\/\/api.w.org\/{rel}","templated":true}]}}