{"id":57231,"date":"2025-06-26T14:19:00","date_gmt":"2025-06-26T17:19:00","guid":{"rendered":"https:\/\/www.radiopresidenteibanez.cl\/web\/?p=57231"},"modified":"2025-06-26T11:16:29","modified_gmt":"2025-06-26T14:16:29","slug":"dos-magallanicas-son-reconocidas-en-iniciativa-nacional-el-viaje-de-ser-ingenieras","status":"publish","type":"post","link":"https:\/\/www.radiopresidenteibanez.cl\/web\/dos-magallanicas-son-reconocidas-en-iniciativa-nacional-el-viaje-de-ser-ingenieras\/","title":{"rendered":"Dos magall\u00e1nicas son reconocidas en iniciativa nacional \u201cEl Viaje de ser Ingenieras\u201d"},"content":{"rendered":"\n<p>Eliana Hern\u00e1ndez Tapia, una de las primeras ingenieras petroqu\u00edmicas de la regi\u00f3n; y Mar\u00eda Soledad Astorga, primera doctora, decana y profesora titular de la Universidad de Magallanes (UMAG), son parte de un selecto grupo de profesionales reconocidas en la iniciativa nacional \u201cEl Viaje de ser Ingenieras\u201d, que busca visibilizar a las mujeres ingenieras de Chile, destacando sus legados y acercando a las nuevas generaciones al mundo de la ingenier\u00eda a trav\u00e9s de referentes reales y significativos, mediante una serie de acciones desarrolladas entre junio y julio de este a\u00f1o.<\/p>\n\n\n\n<p>Este proyecto, realizado por la organizaci\u00f3n \u201cMujeres Ingenieras de Chile\u201d, conecta a 22 facultades de ingenier\u00eda, desde Arica a Magallanes, con empresas comprometidas con la equidad de g\u00e9nero en STEM, para promover el liderazgo femenino en el desarrollo del pa\u00eds.<\/p>\n\n\n\n<p>Las facultades de cada universidad eligieron a una pionera y a una mujer destacada para este proyecto. En el caso de la Universidad de Magallanes, Hern\u00e1ndez y Astorga fueron nominadas por las Acad\u00e9micas de la Facultad de Ingenier\u00eda (AFI-UMAG), organismo formado con el fin de visibilizar, promover y propiciar la equidad de g\u00e9nero y la diversidad en la instituci\u00f3n.<\/p>\n\n\n\n<p>\u201cEstoy muy contenta por esta nominaci\u00f3n, ya que me parece una iniciativa genial, que podamos compartir entre todas las ingenieras destacadas. Es impresionante como cada una tiene su historia que, m\u00e1s que bonitas, son de esfuerzo y perseverancia, pero aun as\u00ed seguimos aqu\u00ed, con ganas de trabajar y motivando a que m\u00e1s mujeres estudien ingenier\u00eda\u201d, coment\u00f3 la Dra. Mar\u00eda Soledad Astorga, quien fue nominada como Mujer Destacada.<\/p>\n\n\n\n<p>Por su parte, Ana Mar\u00eda Vallina, hija de la pionera UMAG, Eliana Hern\u00e1ndez Tapia, agradeci\u00f3 la nominaci\u00f3n de su madre como pionera destacada, agregando que \u201cmi mam\u00e1 era muy \u2018aperrada\u2019, siendo excelente alumna. A pesar de que le cost\u00f3 encontrar trabajo por ser mujer, pudo entrar a ENAP, trabajando en el laboratorio de Manantiales y luego en Cabo Negro, subiendo en helic\u00f3ptero a las plataformas petroleras. Todo lo que ella quer\u00eda era estudiar en la universidad, teniendo a su familia. Hizo de todo, pero ella se publicitaba poco\u201d.<\/p>\n\n\n\n<p>Las 22 mujeres destacadas y 15 pioneras que son parte de \u201cEl Viaje de ser Ingenieras\u201d son reconocidas en el libro digital gratuito del mismo nombre, el que se encuentra disponible para descargar en el sitio web&nbsp;<a href=\"http:\/\/elviaje.mujeresingenieras.cl\/\" target=\"_blank\" rel=\"noreferrer noopener\">elviaje.mujeresingenieras.cl<\/a>, donde se comparten sus historias.<\/p>\n\n\n\n<p>Adem\u00e1s, desde el 23 de junio hasta el 12 de julio, la iniciativa se tomar\u00e1 el Metro de Santiago, con informaci\u00f3n en paneles de Metro Informa, un muro publicitario en la estaci\u00f3n Los Leones, y el renombramiento simb\u00f3lico de las L\u00edneas 1 y 5, que por estos d\u00edas llevar\u00e1n los nombres de las ingenieras. En el caso de las magall\u00e1nicas destacadas, la estaci\u00f3n Ecuador ha sido renombrada como \u201cEliana Hern\u00e1ndez\u201d, mientras que la estaci\u00f3n Hernando de Magallanes lleva por nombre \u201cMar\u00eda Soledad Astorga\u201d, ambas estaciones correspondientes a la L\u00ednea 1.<\/p>\n\n\n\n<p>\u201cEl viaje de ser ingenieras es una invitaci\u00f3n a recorrer las historias de quienes se atrevieron a cambiar paradigmas, enfrentar desaf\u00edos, liderar y aportar al desarrollo desde sus saberes.&nbsp; Cuando una mujer ingresa a una carrera STEM, no solo conquista un espacio: traza un nuevo camino y lo deja abierto para otras que continuar\u00e1n despu\u00e9s\u201d, coment\u00f3 Consuelo Fertilio, directora ejecutiva de Mujeres Ingenieras de Chile.<\/p>\n\n\n\n<p>La campa\u00f1a marca el inicio de una serie de acciones y encuentros regionales, que buscan conectar con comunidades locales, descentralizar el discurso y ampliar la red de mujeres en ingenier\u00eda a lo largo de Chile. El primer encuentro ser\u00e1 \u201cSantiago Inspira\u201d, que se desarrollar\u00e1 durante el mes de julio con conversatorios, experiencias educativas y actividades abiertas al p\u00fablico. Se espera que la iniciativa se desarrolle en Punta Arenas durante noviembre de este a\u00f1o.<\/p>\n\n\n\n<p>&nbsp;\u201cEstamos profundamente orgullosos de tener a dos ingenieras magall\u00e1nicas en esta importante iniciativa nacional, que tambi\u00e9n demuestra que en las regiones y, sobre todo en el extremo austral de pa\u00eds, se vive la ingenier\u00eda, con historias de esfuerzo y profesionalismo como las de Eliana y Mar\u00eda Soledad\u201d, agreg\u00f3 el Dr. Claudio G\u00f3mez, decano de la Facultad de Ingenier\u00eda UMAG.<\/p>\n","protected":false},"excerpt":{"rendered":"<p>Eliana Hern\u00e1ndez Tapia, una de las primeras ingenieras petroqu\u00edmicas de la regi\u00f3n; y Mar\u00eda Soledad Astorga, primera doctora, decana y profesora titular de la Universidad de Magallanes (UMAG), son parte&#8230; <a class=\"read-more\" href=\"https:\/\/www.radiopresidenteibanez.cl\/web\/dos-magallanicas-son-reconocidas-en-iniciativa-nacional-el-viaje-de-ser-ingenieras\/\">Leer m\u00e1s<\/a><\/p>\n","protected":false},"author":2,"featured_media":57232,"comment_status":"closed","ping_status":"closed","sticky":false,"template":"","format":"standard","meta":{"footnotes":""},"categories":[1],"tags":[],"class_list":["post-57231","post","type-post","status-publish","format-standard","has-post-thumbnail","hentry","category-cronica"],"_links":{"self":[{"href":"https:\/\/www.radiopresidenteibanez.cl\/web\/wp-json\/wp\/v2\/posts\/57231","targetHints":{"allow":["GET"]}}],"collection":[{"href":"https:\/\/www.radiopresidenteibanez.cl\/web\/wp-json\/wp\/v2\/posts"}],"about":[{"href":"https:\/\/www.radiopresidenteibanez.cl\/web\/wp-json\/wp\/v2\/types\/post"}],"author":[{"embeddable":true,"href":"https:\/\/www.radiopresidenteibanez.cl\/web\/wp-json\/wp\/v2\/users\/2"}],"replies":[{"embeddable":true,"href":"https:\/\/www.radiopresidenteibanez.cl\/web\/wp-json\/wp\/v2\/comments?post=57231"}],"version-history":[{"count":0,"href":"https:\/\/www.radiopresidenteibanez.cl\/web\/wp-json\/wp\/v2\/posts\/57231\/revisions"}],"wp:featuredmedia":[{"embeddable":true,"href":"https:\/\/www.radiopresidenteibanez.cl\/web\/wp-json\/wp\/v2\/media\/57232"}],"wp:attachment":[{"href":"https:\/\/www.radiopresidenteibanez.cl\/web\/wp-json\/wp\/v2\/media?parent=57231"}],"wp:term":[{"taxonomy":"category","embeddable":true,"href":"https:\/\/www.radiopresidenteibanez.cl\/web\/wp-json\/wp\/v2\/categories?post=57231"},{"taxonomy":"post_tag","embeddable":true,"href":"https:\/\/www.radiopresidenteibanez.cl\/web\/wp-json\/wp\/v2\/tags?post=57231"}],"curies":[{"name":"wp","href":"https:\/\/api.w.org\/{rel}","templated":true}]}}