{"id":57228,"date":"2025-06-26T12:51:00","date_gmt":"2025-06-26T15:51:00","guid":{"rendered":"https:\/\/www.radiopresidenteibanez.cl\/web\/?p=57228"},"modified":"2025-06-26T10:20:21","modified_gmt":"2025-06-26T13:20:21","slug":"iva-brigada-aerea-realizo-jornada-de-coordinacion-del-comite-sar-magallanes","status":"publish","type":"post","link":"https:\/\/www.radiopresidenteibanez.cl\/web\/iva-brigada-aerea-realizo-jornada-de-coordinacion-del-comite-sar-magallanes\/","title":{"rendered":"IV\u00aa Brigada A\u00e9rea realiz\u00f3 jornada de coordinaci\u00f3n del Comit\u00e9 SAR Magallanes"},"content":{"rendered":"\n<p>El martes 24 de junio, la Base A\u00e9rea Chabunco fue escenario de una nueva<br>sesi\u00f3n del Comit\u00e9 Regional de B\u00fasqueda y Salvamento A\u00e9reo (SAR), instancia<br>organizada por la IV\u00aa Brigada A\u00e9rea de la Fuerza A\u00e9rea de Chile, que reuni\u00f3 a<br>diversas instituciones con el objetivo de intercambiar experiencias, fortalecer la<br>coordinaci\u00f3n interinstitucional y revisar procedimientos asociados a operaciones<br>de b\u00fasqueda y rescate en la Regi\u00f3n de Magallanes.<br>La jornada cont\u00f3 con la participaci\u00f3n de representantes del Servicio Nacional de<br>Prevenci\u00f3n y Respuesta ante Desastres (SENAPRED), la Armada de Chile, la<br>Polic\u00eda de Investigaciones (PDI), el Servicio M\u00e9dico Legal (SML) y el Servicio de<br>Atenci\u00f3n M\u00e9dica de Urgencia (SAMU).<br>Uno de los momentos centrales de la actividad fue la exposici\u00f3n del Teniente (A)<br>Francisco L\u00f3pez, Oficial coordinador del Centro Coordinador de Salvamento<br>(RCC), quien present\u00f3 las capacidades y funciones de la Unidad en materia de<br>b\u00fasqueda y salvamento a\u00e9reo.<\/p>\n","protected":false},"excerpt":{"rendered":"<p>El martes 24 de junio, la Base A\u00e9rea Chabunco fue escenario de una nuevasesi\u00f3n del Comit\u00e9 Regional de B\u00fasqueda y Salvamento A\u00e9reo (SAR), instanciaorganizada por la IV\u00aa Brigada A\u00e9rea de&#8230; <a class=\"read-more\" href=\"https:\/\/www.radiopresidenteibanez.cl\/web\/iva-brigada-aerea-realizo-jornada-de-coordinacion-del-comite-sar-magallanes\/\">Leer m\u00e1s<\/a><\/p>\n","protected":false},"author":2,"featured_media":57229,"comment_status":"closed","ping_status":"closed","sticky":false,"template":"","format":"standard","meta":{"footnotes":""},"categories":[1],"tags":[],"class_list":["post-57228","post","type-post","status-publish","format-standard","has-post-thumbnail","hentry","category-cronica"],"_links":{"self":[{"href":"https:\/\/www.radiopresidenteibanez.cl\/web\/wp-json\/wp\/v2\/posts\/57228","targetHints":{"allow":["GET"]}}],"collection":[{"href":"https:\/\/www.radiopresidenteibanez.cl\/web\/wp-json\/wp\/v2\/posts"}],"about":[{"href":"https:\/\/www.radiopresidenteibanez.cl\/web\/wp-json\/wp\/v2\/types\/post"}],"author":[{"embeddable":true,"href":"https:\/\/www.radiopresidenteibanez.cl\/web\/wp-json\/wp\/v2\/users\/2"}],"replies":[{"embeddable":true,"href":"https:\/\/www.radiopresidenteibanez.cl\/web\/wp-json\/wp\/v2\/comments?post=57228"}],"version-history":[{"count":0,"href":"https:\/\/www.radiopresidenteibanez.cl\/web\/wp-json\/wp\/v2\/posts\/57228\/revisions"}],"wp:featuredmedia":[{"embeddable":true,"href":"https:\/\/www.radiopresidenteibanez.cl\/web\/wp-json\/wp\/v2\/media\/57229"}],"wp:attachment":[{"href":"https:\/\/www.radiopresidenteibanez.cl\/web\/wp-json\/wp\/v2\/media?parent=57228"}],"wp:term":[{"taxonomy":"category","embeddable":true,"href":"https:\/\/www.radiopresidenteibanez.cl\/web\/wp-json\/wp\/v2\/categories?post=57228"},{"taxonomy":"post_tag","embeddable":true,"href":"https:\/\/www.radiopresidenteibanez.cl\/web\/wp-json\/wp\/v2\/tags?post=57228"}],"curies":[{"name":"wp","href":"https:\/\/api.w.org\/{rel}","templated":true}]}}