{"id":57225,"date":"2025-06-26T11:57:00","date_gmt":"2025-06-26T14:57:00","guid":{"rendered":"https:\/\/www.radiopresidenteibanez.cl\/web\/?p=57225"},"modified":"2025-06-26T10:16:38","modified_gmt":"2025-06-26T13:16:38","slug":"artistas-magallanicos-experimentaron-en-torno-a-la-fotografia","status":"publish","type":"post","link":"https:\/\/www.radiopresidenteibanez.cl\/web\/artistas-magallanicos-experimentaron-en-torno-a-la-fotografia\/","title":{"rendered":"Artistas magall\u00e1nicos experimentaron en torno a la fotografia"},"content":{"rendered":"\n<p>\u00abLa Noche m\u00e1s larga\u00bb se denomin\u00f3 el taller de fotograf\u00eda, dictado por el artista<br>Mario Fonseca&nbsp;y en el que participaron once exponentes de las artes de la<br>visualidad de la regi\u00f3n de Magallanes.<br>La iniciativa, organizada por la Seremi de las Culturas, a trav\u00e9s del \u00e1rea de<br>Fomento de las Artes, tuvo como prop\u00f3sito explorar en torno a las posibilidades<br>expresivas para concebir y proponer proyectos en el espacio de<br>perfeccionamiento, que se efectu\u00f3 entre el 20 y 22 de junio, fechas del a\u00f1o en<br>las cuales el sol se guarda m\u00e1s temprano y regresa m\u00e1s tarde, particularmente<br>en&nbsp;la&nbsp;zona austral.<br>La experiencia se centr\u00f3 en resolver y probar estrategias para la captura de<br>im\u00e1genes en deficiencia lum\u00ednica, recurriendo a diferentes t\u00e9cnicas y dispositivos<br>an\u00e1logos o digitales para componer y obtener registros.<br>\u201cLa&nbsp;intenci\u00f3n del taller fue probar lo propio o directamente algo nuevo, a ver<br>qu\u00e9 resulta en el tema, en el contenido. Pero tambi\u00e9n en el medio a ocupar:<br>Probar an\u00e1logo, digital, estenopeica, cianotipo, probar el celular, velar<br>im\u00e1genes, exacerbar los pixeles, hacer fotomontaje, collages, vol\u00famenes,<br>iluminar con velas, con el alumbrado p\u00fablico, o no ocupar ninguna luz y dejar el<br>diafragma muy abierto\u201d, sostuvo Fonseca.<br>El fot\u00f3grafo Vicente Gonz\u00e1lez, uno de los alumnos del taller, destac\u00f3 y valor\u00f3 la<br>experiencia. \u201cMario, adem\u00e1s de ser un artista con mucha experiencia en el<br>campo del arte y con obras en importantes colecciones, es una persona muy<br>generosa con sus conocimientos y los comparte en todo momento. Como<br>experiencia, este taller resulta muy nutritivo, ya que abre puertas para la<\/p>\n\n\n\n<p>expresi\u00f3n por medio de la fotograf\u00eda, m\u00e1s all\u00e1 de lo convencional, desafiando a<br>encontrar maneras nuevas de entender este lenguaje y como medio de<br>expresi\u00f3n\u201d, precis\u00f3.<br>Las y los participantes fueron seleccionados tras la presentaci\u00f3n de curriculum,<br>las actividades m\u00e1s destacadas en el arte y\/o en&nbsp;la&nbsp;fotograf\u00eda, una propuesta de<br>proyecto a desarrollar durante la realizaci\u00f3n de \u201cLa&nbsp;noche&nbsp;m\u00e1s&nbsp;larga\u201d.<br>Mario Fonseca<br>Mario Fonseca, es un artista visual, nacido en Lima, Per\u00fa, en 1948, y de<br>nacionalidad chilena. Se form\u00f3 en la Escuela de Arte de la Universidad Cat\u00f3lica<br>de Chile. Luego obtuvo el grado de Licenciado en Artes Visuales en la Universidad<br>Finis Terrae. Desde el 2002 al 2009 escribi\u00f3 la columna semanal de cr\u00edtica de<br>arte en la revista \u201cEl S\u00e1bado\u201d del diario El Mercurio. Ha sido curador de diversas<br>exposiciones individuales y colectivas, principalmente de arte contempor\u00e1neo,<br>as\u00ed como responsable de los contenidos museogr\u00e1ficos del Museo de Sitio del<br>Fuerte Niebla, el Museo Regional de Antofagasta, y el Museo de Sitio<br>Humberstone &#8211; Santa Laura.<br>Como artista visual ocupa la fotograf\u00eda como lenguaje expresivo, y ha expuesto<br>en museos y galer\u00edas en Santiago, Temuco y Castro, en Chile, y en Buenos Aires,<br>Quito, Ottawa, Londres, Montb\u00e9liard, Lieja y Roma, adem\u00e1s de participar en<br>ferias de arte en Londres, Par\u00eds y Nueva York. Su obra forma parte de las<br>colecciones permanentes del George Eastman Museum, en Nueva York, el<br>Minneapolis Institute of Art, en Minnesota, la Fundaci\u00f3n La Rivi\u00e8re, en Buenos<br>Aires, as\u00ed como del Centro Nacional de Arte Contempor\u00e1neo, el Museo Nacional<br>de Bellas Artes, el Museo de Arte Contempor\u00e1neo, el Museo de Artes Visuales, y<br>el Museo de la Solidaridad Salvador Allende, en Santiago, y el Museo de Arte<br>Moderno de Chilo\u00e9, en Castro.<\/p>\n\n\n\n<p><br><\/p>\n","protected":false},"excerpt":{"rendered":"<p>\u00abLa Noche m\u00e1s larga\u00bb se denomin\u00f3 el taller de fotograf\u00eda, dictado por el artistaMario Fonseca&nbsp;y en el que participaron once exponentes de las artes de lavisualidad de la regi\u00f3n de&#8230; <a class=\"read-more\" href=\"https:\/\/www.radiopresidenteibanez.cl\/web\/artistas-magallanicos-experimentaron-en-torno-a-la-fotografia\/\">Leer m\u00e1s<\/a><\/p>\n","protected":false},"author":2,"featured_media":57226,"comment_status":"closed","ping_status":"closed","sticky":false,"template":"","format":"standard","meta":{"footnotes":""},"categories":[1],"tags":[],"class_list":["post-57225","post","type-post","status-publish","format-standard","has-post-thumbnail","hentry","category-cronica"],"_links":{"self":[{"href":"https:\/\/www.radiopresidenteibanez.cl\/web\/wp-json\/wp\/v2\/posts\/57225","targetHints":{"allow":["GET"]}}],"collection":[{"href":"https:\/\/www.radiopresidenteibanez.cl\/web\/wp-json\/wp\/v2\/posts"}],"about":[{"href":"https:\/\/www.radiopresidenteibanez.cl\/web\/wp-json\/wp\/v2\/types\/post"}],"author":[{"embeddable":true,"href":"https:\/\/www.radiopresidenteibanez.cl\/web\/wp-json\/wp\/v2\/users\/2"}],"replies":[{"embeddable":true,"href":"https:\/\/www.radiopresidenteibanez.cl\/web\/wp-json\/wp\/v2\/comments?post=57225"}],"version-history":[{"count":0,"href":"https:\/\/www.radiopresidenteibanez.cl\/web\/wp-json\/wp\/v2\/posts\/57225\/revisions"}],"wp:featuredmedia":[{"embeddable":true,"href":"https:\/\/www.radiopresidenteibanez.cl\/web\/wp-json\/wp\/v2\/media\/57226"}],"wp:attachment":[{"href":"https:\/\/www.radiopresidenteibanez.cl\/web\/wp-json\/wp\/v2\/media?parent=57225"}],"wp:term":[{"taxonomy":"category","embeddable":true,"href":"https:\/\/www.radiopresidenteibanez.cl\/web\/wp-json\/wp\/v2\/categories?post=57225"},{"taxonomy":"post_tag","embeddable":true,"href":"https:\/\/www.radiopresidenteibanez.cl\/web\/wp-json\/wp\/v2\/tags?post=57225"}],"curies":[{"name":"wp","href":"https:\/\/api.w.org\/{rel}","templated":true}]}}