{"id":57222,"date":"2025-06-26T10:51:00","date_gmt":"2025-06-26T13:51:00","guid":{"rendered":"https:\/\/www.radiopresidenteibanez.cl\/web\/?p=57222"},"modified":"2025-06-26T09:50:13","modified_gmt":"2025-06-26T12:50:13","slug":"comision-de-infraestructura-concluye-analisis-del-plan-de-zonas-extremas-y-espera-votacion-favorable-en-el-pleno","status":"publish","type":"post","link":"https:\/\/www.radiopresidenteibanez.cl\/web\/comision-de-infraestructura-concluye-analisis-del-plan-de-zonas-extremas-y-espera-votacion-favorable-en-el-pleno\/","title":{"rendered":"Comisi\u00f3n de Infraestructura concluye an\u00e1lisis del Plan de Zonas Extremas y espera votaci\u00f3n favorable en el Pleno"},"content":{"rendered":"\n<p>El consejero regional por Tierra del Fuego, Rodolfo C\u00e1rdenas, inform\u00f3 que este mi\u00e9rcoles la Comisi\u00f3n de Infraestructura del Consejo Regional de Magallanes, encabezada por el gobernador Jorge Flies, concluy\u00f3 el an\u00e1lisis del Plan de Zonas Extremas (PEDZE), iniciativa que contempla una ambiciosa cartera de proyectos de inversi\u00f3n p\u00fablica para la regi\u00f3n, con foco en conectividad, servicios b\u00e1sicos y mejoramiento de la calidad de vida.<\/p>\n\n\n\n<p>\u201cHoy, la Comisi\u00f3n de Infraestructura del Consejo Regional ha terminado el an\u00e1lisis del Plan de Zona Extrema, que viene a instalar una cartera importante de proyectos en una labor colaborativa entre el gobierno regional y diversos ministerios y servicios p\u00fablicos de la regi\u00f3n\u201d, explic\u00f3 C\u00e1rdenas. En total, se evaluaron 105 iniciativas, que abarcan \u00e1reas clave como infraestructura habilitante, salud, educaci\u00f3n y habitabilidad.<\/p>\n\n\n\n<p>El plan contempla una inversi\u00f3n de M$2.425.667.403 y establece un horizonte de ejecuci\u00f3n de 10 a\u00f1os, con una evaluaci\u00f3n intermedia al cabo de 5 a\u00f1os para verificar avances, pertinencia y el impacto real de las medidas implementadas. \u201cEsto permitir\u00e1 garantizar condiciones adecuadas para vivir y desarrollar la regi\u00f3n\u201d, sostuvo el consejero.<\/p>\n\n\n\n<p>C\u00e1rdenas a\u00f1adi\u00f3 que este trabajo ha sido fruto de un esfuerzo sostenido por parte del Consejo Regional y que el pr\u00f3ximo lunes ser\u00e1 ingresado al Pleno para su votaci\u00f3n. \u201cEsperamos que cuente con las condiciones para llevar el apoyo de todos los consejeros regionales y de esa forma avanzar en una pol\u00edtica p\u00fablica instalada por el gobierno del presidente Boric\u201d, se\u00f1al\u00f3.<\/p>\n\n\n\n<p>Finalmente, el representante fueguino enfatiz\u00f3 que esta iniciativa traer\u00e1 consigo una fuente adicional de recursos que garantizar\u00e1 \u201cla ejecuci\u00f3n presupuestaria a lo menos a 10 a\u00f1os de inversi\u00f3n p\u00fablica regional\u201d, con el objetivo de que Magallanes contin\u00fae avanzando en desarrollo y equidad territorial.<\/p>\n","protected":false},"excerpt":{"rendered":"<p>El consejero regional por Tierra del Fuego, Rodolfo C\u00e1rdenas, inform\u00f3 que este mi\u00e9rcoles la Comisi\u00f3n de Infraestructura del Consejo Regional de Magallanes, encabezada por el gobernador Jorge Flies, concluy\u00f3 el&#8230; <a class=\"read-more\" href=\"https:\/\/www.radiopresidenteibanez.cl\/web\/comision-de-infraestructura-concluye-analisis-del-plan-de-zonas-extremas-y-espera-votacion-favorable-en-el-pleno\/\">Leer m\u00e1s<\/a><\/p>\n","protected":false},"author":2,"featured_media":57223,"comment_status":"closed","ping_status":"closed","sticky":false,"template":"","format":"standard","meta":{"footnotes":""},"categories":[1],"tags":[],"class_list":["post-57222","post","type-post","status-publish","format-standard","has-post-thumbnail","hentry","category-cronica"],"_links":{"self":[{"href":"https:\/\/www.radiopresidenteibanez.cl\/web\/wp-json\/wp\/v2\/posts\/57222","targetHints":{"allow":["GET"]}}],"collection":[{"href":"https:\/\/www.radiopresidenteibanez.cl\/web\/wp-json\/wp\/v2\/posts"}],"about":[{"href":"https:\/\/www.radiopresidenteibanez.cl\/web\/wp-json\/wp\/v2\/types\/post"}],"author":[{"embeddable":true,"href":"https:\/\/www.radiopresidenteibanez.cl\/web\/wp-json\/wp\/v2\/users\/2"}],"replies":[{"embeddable":true,"href":"https:\/\/www.radiopresidenteibanez.cl\/web\/wp-json\/wp\/v2\/comments?post=57222"}],"version-history":[{"count":0,"href":"https:\/\/www.radiopresidenteibanez.cl\/web\/wp-json\/wp\/v2\/posts\/57222\/revisions"}],"wp:featuredmedia":[{"embeddable":true,"href":"https:\/\/www.radiopresidenteibanez.cl\/web\/wp-json\/wp\/v2\/media\/57223"}],"wp:attachment":[{"href":"https:\/\/www.radiopresidenteibanez.cl\/web\/wp-json\/wp\/v2\/media?parent=57222"}],"wp:term":[{"taxonomy":"category","embeddable":true,"href":"https:\/\/www.radiopresidenteibanez.cl\/web\/wp-json\/wp\/v2\/categories?post=57222"},{"taxonomy":"post_tag","embeddable":true,"href":"https:\/\/www.radiopresidenteibanez.cl\/web\/wp-json\/wp\/v2\/tags?post=57222"}],"curies":[{"name":"wp","href":"https:\/\/api.w.org\/{rel}","templated":true}]}}