{"id":57219,"date":"2025-06-26T09:37:00","date_gmt":"2025-06-26T12:37:00","guid":{"rendered":"https:\/\/www.radiopresidenteibanez.cl\/web\/?p=57219"},"modified":"2025-06-26T08:43:15","modified_gmt":"2025-06-26T11:43:15","slug":"seminario-de-mujeres-marinas-relatos-con-equidad-en-el-maritorio","status":"publish","type":"post","link":"https:\/\/www.radiopresidenteibanez.cl\/web\/seminario-de-mujeres-marinas-relatos-con-equidad-en-el-maritorio\/","title":{"rendered":"SEMINARIO DE MUJERES MARINAS: RELATOS CON EQUIDAD EN EL MARITORIO"},"content":{"rendered":"\n<p>El mar es habitado, protegido y sentido por mujeres cient\u00edficas, pescadoras,<br>artistas, funcionarias p\u00fablicas y muchas m\u00e1s. En un esfuerzo por visibilizar que las<br>mujeres s\u00ed son parte del maritorio, se celebr\u00f3 el primer seminario de la Comunidad<br>de Mujeres Marinas de Magallanes.<br>Punta Arenas, junio de 2025. Este martes 24 de junio se desarroll\u00f3 en el Teatro<br>Municipal de Punta Arenas, el Primer Seminario de la Comunidad de Mujeres<br>Marinas de Magallanes y WCS Chile, denominado \u00abRelatos Marinos, voces de<br>mujeres de Magallanes\u00bb, una instancia que buscaba inspirar y visibilizar el rol de<br>las mujeres en el maritorio de la regi\u00f3n.<br>La comunidad, formada a fines de 2023, ha comprendido la importancia de<br>visibilizar el rol de las mujeres en un espacio, que en el imaginario colectivo<br>siempre se ha vinculado con hombres, aunque en la pr\u00e1ctica, hay un importante<br>porcentaje de mujeres que trabajan en el mar.<br>\u201cA\u00fan persisten brechas significativas que limitan la plena participaci\u00f3n, el<br>reconocimiento y el acceso equitativo de las mujeres a espacios de toma de<br>decisi\u00f3n. Por eso, creemos profundamente en la importancia de crear instancias<br>como estas, que no solo honran sus voces, sino que tambi\u00e9n inspiran a las nuevas<br>generaciones. Que crezcan escuchando estas historias, sinti\u00e9ndose parte, es<br>clave para navegar hacia un maritorio m\u00e1s justo, consciente y verdaderamente<br>inclusivo\u201d, coment\u00f3 Bel\u00e9n Guarda, project manager de la direcci\u00f3n cient\u00edfica de<br>WCS Chile.<br>Seis mujeres de esta red inspiraron a la audiencia con sus historias de resiliencia y<br>liderazgo en el mundo marino. Teresita Nancul, dirigente de la pesca artesanal de<br>la regi\u00f3n; Rosa Paillacar artesana ligada al mar; Andrea Monge, ingeniera en<br>alimento de una planta pesquera; Mar\u00eda Paillacar, pescadora artesanal; Noelia<br>Barr\u00eda, estudiante de ense\u00f1anza media, parte de una familia de pescadores y<br>Bel\u00e9n Betancourt, buza deportiva, contaron breves, pero poderosos relatos sobre<br>momentos particulares de sus vidas, cuyo com\u00fan escenario fue el mar y los<br>obst\u00e1culos que han tenido que enfrentar.<\/p>\n","protected":false},"excerpt":{"rendered":"<p>El mar es habitado, protegido y sentido por mujeres cient\u00edficas, pescadoras,artistas, funcionarias p\u00fablicas y muchas m\u00e1s. En un esfuerzo por visibilizar que lasmujeres s\u00ed son parte del maritorio, se celebr\u00f3&#8230; <a class=\"read-more\" href=\"https:\/\/www.radiopresidenteibanez.cl\/web\/seminario-de-mujeres-marinas-relatos-con-equidad-en-el-maritorio\/\">Leer m\u00e1s<\/a><\/p>\n","protected":false},"author":2,"featured_media":57220,"comment_status":"closed","ping_status":"closed","sticky":false,"template":"","format":"standard","meta":{"footnotes":""},"categories":[1],"tags":[],"class_list":["post-57219","post","type-post","status-publish","format-standard","has-post-thumbnail","hentry","category-cronica"],"_links":{"self":[{"href":"https:\/\/www.radiopresidenteibanez.cl\/web\/wp-json\/wp\/v2\/posts\/57219","targetHints":{"allow":["GET"]}}],"collection":[{"href":"https:\/\/www.radiopresidenteibanez.cl\/web\/wp-json\/wp\/v2\/posts"}],"about":[{"href":"https:\/\/www.radiopresidenteibanez.cl\/web\/wp-json\/wp\/v2\/types\/post"}],"author":[{"embeddable":true,"href":"https:\/\/www.radiopresidenteibanez.cl\/web\/wp-json\/wp\/v2\/users\/2"}],"replies":[{"embeddable":true,"href":"https:\/\/www.radiopresidenteibanez.cl\/web\/wp-json\/wp\/v2\/comments?post=57219"}],"version-history":[{"count":0,"href":"https:\/\/www.radiopresidenteibanez.cl\/web\/wp-json\/wp\/v2\/posts\/57219\/revisions"}],"wp:featuredmedia":[{"embeddable":true,"href":"https:\/\/www.radiopresidenteibanez.cl\/web\/wp-json\/wp\/v2\/media\/57220"}],"wp:attachment":[{"href":"https:\/\/www.radiopresidenteibanez.cl\/web\/wp-json\/wp\/v2\/media?parent=57219"}],"wp:term":[{"taxonomy":"category","embeddable":true,"href":"https:\/\/www.radiopresidenteibanez.cl\/web\/wp-json\/wp\/v2\/categories?post=57219"},{"taxonomy":"post_tag","embeddable":true,"href":"https:\/\/www.radiopresidenteibanez.cl\/web\/wp-json\/wp\/v2\/tags?post=57219"}],"curies":[{"name":"wp","href":"https:\/\/api.w.org\/{rel}","templated":true}]}}