{"id":57216,"date":"2025-06-26T08:49:00","date_gmt":"2025-06-26T11:49:00","guid":{"rendered":"https:\/\/www.radiopresidenteibanez.cl\/web\/?p=57216"},"modified":"2025-06-26T08:22:22","modified_gmt":"2025-06-26T11:22:22","slug":"boletin-informativo-orbe-42","status":"publish","type":"post","link":"https:\/\/www.radiopresidenteibanez.cl\/web\/boletin-informativo-orbe-42\/","title":{"rendered":"BOLETIN INFORMATIVO ORBE"},"content":{"rendered":"\n<p>SANTIAGO.- El Consejo de Defensa del Estado interpuso una<br>querella criminal contra el diputado por la Regi\u00f3n de Ays\u00e9n,<br>Miguel \u00c1ngel Calisto, independiente- Partido Dem\u00f3crata, y<br>contra quienes resulten responsables, por el delito de fraude<br>al fisco. Lo anterior, agreg\u00f3 el organismo, \u00absin perjuicio de<br>otros il\u00edcitos que se acrediten durante la investigaci\u00f3n que<br>lleva a cabo el Ministerio P\u00fablico\u00bb.<\/p>\n\n\n\n<p>VALPARAISO.- El diputado por la Regi\u00f3n de Ays\u00e9n, Miguel \u00c1ngel<br>Calisto, independiente-Partido Dem\u00f3crata, se refiri\u00f3 a la<br>querella criminal presentada por el Consejo de Defensa del<br>Estado, CDE. Esto, por un eventual fraude al fisco,<br>relacionado con el presunto desv\u00edo de recursos p\u00fablicos<br>provenientes de asignaciones parlamentarias.<\/p>\n\n\n\n<p>VALPARAISO.- Calisto asegur\u00f3 que \u00abse levant\u00f3 una denuncia<br>an\u00f3nima por las redes sociales. El Ministerio P\u00fablico inici\u00f3<br>una investigaci\u00f3n de oficio y hasta el minuto no tiene<br>resultado\u00bb. \u00abEs una investigaci\u00f3n de m\u00e1s de cuatro a\u00f1os, en<br>curso, donde yo he participado en muchas declaraciones,<br>entregu\u00e9 mi tel\u00e9fono, he colaborado en todos los<br>procedimientos que me han solicitado, porque es lo que<br>corresponde a cualquier chileno que es denunciado. Nadie est\u00e1<br>muy sobre la ley\u00bb, se\u00f1al\u00f3.<\/p>\n\n\n\n<p>VALPARAISO.- Adem\u00e1s, el legislador apunt\u00f3 a eventuales<br>motivaciones pol\u00edticas. \u00abA m\u00ed lo que me llama la atenci\u00f3n,<br>evidentemente, es que siempre reflotan este tema cuando<br>estamos a pocos meses de la elecci\u00f3n parlamentaria\u00bb. Adem\u00e1s,<br>dijo que \u00abpor mi parte, voy a tomar todas las acciones<br>correspondientes con un abogado para proceder a esclarecer<br>estos hechos de esta investigaci\u00f3n, que viene hace m\u00e1s de<br>cuatro a\u00f1os y que normalmente se tiende a reflotar en tiempos<br>de campa\u00f1a\u00bb.<\/p>\n","protected":false},"excerpt":{"rendered":"<p>SANTIAGO.- El Consejo de Defensa del Estado interpuso unaquerella criminal contra el diputado por la Regi\u00f3n de Ays\u00e9n,Miguel \u00c1ngel Calisto, independiente- Partido Dem\u00f3crata, ycontra quienes resulten responsables, por el delito&#8230; <a class=\"read-more\" href=\"https:\/\/www.radiopresidenteibanez.cl\/web\/boletin-informativo-orbe-42\/\">Leer m\u00e1s<\/a><\/p>\n","protected":false},"author":2,"featured_media":57217,"comment_status":"closed","ping_status":"closed","sticky":false,"template":"","format":"standard","meta":{"footnotes":""},"categories":[1],"tags":[],"class_list":["post-57216","post","type-post","status-publish","format-standard","has-post-thumbnail","hentry","category-cronica"],"_links":{"self":[{"href":"https:\/\/www.radiopresidenteibanez.cl\/web\/wp-json\/wp\/v2\/posts\/57216","targetHints":{"allow":["GET"]}}],"collection":[{"href":"https:\/\/www.radiopresidenteibanez.cl\/web\/wp-json\/wp\/v2\/posts"}],"about":[{"href":"https:\/\/www.radiopresidenteibanez.cl\/web\/wp-json\/wp\/v2\/types\/post"}],"author":[{"embeddable":true,"href":"https:\/\/www.radiopresidenteibanez.cl\/web\/wp-json\/wp\/v2\/users\/2"}],"replies":[{"embeddable":true,"href":"https:\/\/www.radiopresidenteibanez.cl\/web\/wp-json\/wp\/v2\/comments?post=57216"}],"version-history":[{"count":0,"href":"https:\/\/www.radiopresidenteibanez.cl\/web\/wp-json\/wp\/v2\/posts\/57216\/revisions"}],"wp:featuredmedia":[{"embeddable":true,"href":"https:\/\/www.radiopresidenteibanez.cl\/web\/wp-json\/wp\/v2\/media\/57217"}],"wp:attachment":[{"href":"https:\/\/www.radiopresidenteibanez.cl\/web\/wp-json\/wp\/v2\/media?parent=57216"}],"wp:term":[{"taxonomy":"category","embeddable":true,"href":"https:\/\/www.radiopresidenteibanez.cl\/web\/wp-json\/wp\/v2\/categories?post=57216"},{"taxonomy":"post_tag","embeddable":true,"href":"https:\/\/www.radiopresidenteibanez.cl\/web\/wp-json\/wp\/v2\/tags?post=57216"}],"curies":[{"name":"wp","href":"https:\/\/api.w.org\/{rel}","templated":true}]}}