{"id":57212,"date":"2025-06-26T08:14:00","date_gmt":"2025-06-26T11:14:00","guid":{"rendered":"https:\/\/www.radiopresidenteibanez.cl\/web\/?p=57212"},"modified":"2025-06-26T08:08:18","modified_gmt":"2025-06-26T11:08:18","slug":"jornada-provincial-en-puerto-natales-consolida-avances-y-desafios-de-la-atencion-primaria-universal","status":"publish","type":"post","link":"https:\/\/www.radiopresidenteibanez.cl\/web\/jornada-provincial-en-puerto-natales-consolida-avances-y-desafios-de-la-atencion-primaria-universal\/","title":{"rendered":"Jornada Provincial en Puerto Natales consolida avances y desaf\u00edos de la Atenci\u00f3n Primaria Universal"},"content":{"rendered":"\n<p>Con el objetivo de continuar promoviendo la Estrategia de Atenci\u00f3n Primaria de Salud<br>Universal en la regi\u00f3n, la SEREMI y el Servicio de Salud Magallanes realizaron en Puerto<br>Natales la Jornada Provincial de APS Universal, instancia de encuentro, di\u00e1logo e<br>intercambio de experiencias entre equipos de salud, representantes del intersector y la<br>comunidad.<br>La actividad dio continuidad al proceso ya iniciado en Punta Arenas y Porvenir,<br>permitiendo ampliar la comprensi\u00f3n de la estrategia y profundizar en sus avances y<br>desaf\u00edos en el territorio provincial. Puerto Natales fue elegida como comuna piloto de esta<br>estrategia, destacando el trabajo articulado entre el CESFAM Dr. Juan Lozic, el equipo de<br>salud municipal (CORMUNAT), el Servicio de Salud Magallanes y la Autoridad Sanitaria.<br>En la ocasi\u00f3n y ante la presencia del personal de salud y de la comunidad se cont\u00f3 con la<br>participaci\u00f3n activa de la Directora del Servicio de Salud, Ver\u00f3nica Ya\u00f1ez y la Seremi de<br>Salud, Francisca Sanfuentes. Adem\u00e1s, de presentaci\u00f3n del equipo motor de la Estrategia en<br>Natales y del referente Jose Luis Valdebenito del SSM, quien hizo referencia a los avances<br>de Telesalud en la regi\u00f3n.<br>,La Seremi de Salud, Dra. Francisca Sanfuentes, valor\u00f3 el espacio generado. \u201cHemos<br>podido conversar con los distintos actores del intersector y la comunidad sobre la<br>implementaci\u00f3n durante este primer a\u00f1o de la APS Universal en Puerto Natales. El equipo<br>del Cesfam , con el acompa\u00f1amiento del \u00e1rea de salud de la Corporaci\u00f3n Municipal, nos<br>comparti\u00f3 los logros, desaf\u00edos y avances en aspectos clave como la inscripci\u00f3n de nuevos<br>usuarios, los activos comunitarios, los di\u00e1logos ciudadanos, y la futura implementaci\u00f3n de<br>telesalud. Seguimos construyendo juntos una estrategia que busca acercar la salud a las<br>personas.<br>La jornada fue realizada en el auditorio del Hospital de Puerto Natales, Dr. Augusto<br>Essmann, ,siendo su propio director Ignacio Quir\u00f3z, quien destac\u00f3 la articulaci\u00f3n entre<br>niveles de atenci\u00f3n. \u201cHoy pudimos conocer en profundidad el trabajo de los equipos de<br>APS, lo que es muy relevante para nosotros como hospital, ya que la atenci\u00f3n primaria es la<br>puerta de entrada al sistema. Esta estrategia apunta a resolver entre el 80% y 90% de los<br>problemas de salud en el primer nivel de atenci\u00f3n, y s\u00f3lo derivar a hospitales lo que<br>requiere mayor complejidad. Reafirmamos nuestro compromiso de seguir trabajando en<br>conjunto\u201d.<br>La directora del CESFAM , Geraldine Valencia, junto al equipo de trabajo del<br>establecimiento, expuso todas las acciones que han debido desarrollar en el primer a\u00f1o<br>como parte de la implementaci\u00f3n y la inscripci\u00f3n de m\u00e1s de 1800 usuarios. \u201cActualmente<br>atendemos en horario extendido de 08:00 a 20:00 horas, adem\u00e1s del SAPU hasta la<\/p>\n\n\n\n<p>medianoche. Se han realizado operativos junto a la municipalidad en sectores rurales como<br>Villa Renoval, Cerro Sombrero, Dorotea y Puerto Ed\u00e9n. Todo esto es posible gracias al<br>trabajo conjunto con la SEREMI, el Servicio de Salud y el apoyo de nuestras autoridades<br>locales\u201d.<br>Finalmente, el concejal Ricardo Urtubia, quien asisti\u00f3 como alcalde protocolar, enfatiz\u00f3 el<br>liderazgo de la comuna y la necesidad de inversi\u00f3n futura: \u201cPuerto Natales es pionero en<br>esta estrategia, ampliando la cobertura a toda la comunidad, incluyendo usuarios de<br>FONASA, ISAPRE, Capredena e Dipreca. Con voluntad y compromiso se ha logrado<br>mucho, pero ahora es necesario avanzar hacia una segunda etapa como es fortalecer la<br>digitalizaci\u00f3n, incorporar telesalud y avanzar en infraestructura. Aspiramos a un nuevo<br>CESFAM, que permita transformar el actual en un CECOF y seguir mejorando la<br>atenci\u00f3n\u201d.<br>Esta jornada se suma a otras dos instancias similares realizadas en Punta Arenas y Porvenir,<br>reafirmando el compromiso regional con la APS Universal, una estrategia que apunta a<br>garantizar el acceso, la calidad y la continuidad de la atenci\u00f3n en salud para todas las<br>personas, sin distinci\u00f3n de previsi\u00f3n, condici\u00f3n socioecon\u00f3mica o lugar de residencia.<\/p>\n","protected":false},"excerpt":{"rendered":"<p>Con el objetivo de continuar promoviendo la Estrategia de Atenci\u00f3n Primaria de SaludUniversal en la regi\u00f3n, la SEREMI y el Servicio de Salud Magallanes realizaron en PuertoNatales la Jornada Provincial&#8230; <a class=\"read-more\" href=\"https:\/\/www.radiopresidenteibanez.cl\/web\/jornada-provincial-en-puerto-natales-consolida-avances-y-desafios-de-la-atencion-primaria-universal\/\">Leer m\u00e1s<\/a><\/p>\n","protected":false},"author":2,"featured_media":57213,"comment_status":"closed","ping_status":"closed","sticky":false,"template":"","format":"standard","meta":{"footnotes":""},"categories":[1],"tags":[],"class_list":["post-57212","post","type-post","status-publish","format-standard","has-post-thumbnail","hentry","category-cronica"],"_links":{"self":[{"href":"https:\/\/www.radiopresidenteibanez.cl\/web\/wp-json\/wp\/v2\/posts\/57212","targetHints":{"allow":["GET"]}}],"collection":[{"href":"https:\/\/www.radiopresidenteibanez.cl\/web\/wp-json\/wp\/v2\/posts"}],"about":[{"href":"https:\/\/www.radiopresidenteibanez.cl\/web\/wp-json\/wp\/v2\/types\/post"}],"author":[{"embeddable":true,"href":"https:\/\/www.radiopresidenteibanez.cl\/web\/wp-json\/wp\/v2\/users\/2"}],"replies":[{"embeddable":true,"href":"https:\/\/www.radiopresidenteibanez.cl\/web\/wp-json\/wp\/v2\/comments?post=57212"}],"version-history":[{"count":0,"href":"https:\/\/www.radiopresidenteibanez.cl\/web\/wp-json\/wp\/v2\/posts\/57212\/revisions"}],"wp:featuredmedia":[{"embeddable":true,"href":"https:\/\/www.radiopresidenteibanez.cl\/web\/wp-json\/wp\/v2\/media\/57213"}],"wp:attachment":[{"href":"https:\/\/www.radiopresidenteibanez.cl\/web\/wp-json\/wp\/v2\/media?parent=57212"}],"wp:term":[{"taxonomy":"category","embeddable":true,"href":"https:\/\/www.radiopresidenteibanez.cl\/web\/wp-json\/wp\/v2\/categories?post=57212"},{"taxonomy":"post_tag","embeddable":true,"href":"https:\/\/www.radiopresidenteibanez.cl\/web\/wp-json\/wp\/v2\/tags?post=57212"}],"curies":[{"name":"wp","href":"https:\/\/api.w.org\/{rel}","templated":true}]}}