{"id":57206,"date":"2025-06-25T19:17:00","date_gmt":"2025-06-25T22:17:00","guid":{"rendered":"https:\/\/www.radiopresidenteibanez.cl\/web\/?p=57206"},"modified":"2025-06-25T12:19:40","modified_gmt":"2025-06-25T15:19:40","slug":"cooperativa-campo-de-hielo-recibe-furgon-para-potenciar-la-agricultura-asociativa-en-puerto-natales","status":"publish","type":"post","link":"https:\/\/www.radiopresidenteibanez.cl\/web\/cooperativa-campo-de-hielo-recibe-furgon-para-potenciar-la-agricultura-asociativa-en-puerto-natales\/","title":{"rendered":"Cooperativa Campo de Hielo recibe furg\u00f3n para potenciar la agricultura asociativa en Puerto Natales"},"content":{"rendered":"\n<p>En una ceremonia cargada de emoci\u00f3n y sentido comunitario, la Cooperativa Agr\u00edcola Campos de Hielo Limitada recibi\u00f3 un nuevo furg\u00f3n Citro\u00ebn Jumper 2025, con capacidad para 2.000 kilos, gracias a un subsidio entregado por el Programa de Desarrollo de Inversiones (PDI) Asociativo de INDAP. La inversi\u00f3n, superior a los 21 millones de pesos, permitir\u00e1 fortalecer de manera decisiva la cadena log\u00edstica de la agricultura familiar, asegurando un transporte eficiente, continuo y con altos est\u00e1ndares de inocuidad.<\/p>\n\n\n\n<p>La entrega del veh\u00edculo se realiz\u00f3 en el Mercado Agr\u00edcola de la cooperativa, recientemente inaugurado, y cont\u00f3 con la participaci\u00f3n del delegado presidencial regional de Magallanes, Jos\u00e9 Ruiz Pivcevic; el delegado provincial de \u00daltima Esperanza, Guillermo Ruiz; y el director regional de INDAP, Gabriel Zegers, quienes compartieron junto a socios y socias de la cooperativa este nuevo hito en su historia.<\/p>\n\n\n\n<p>\u201cEstamos felices con esta nueva m\u00e1quina que nos va a ayudar mucho en el transporte, para llevar nuestros productos a supermercados, negocios y tambi\u00e9n a Punta Arenas. Podemos llegar m\u00e1s lejos, en mejores condiciones, con productos frescos y bien presentados\u201d, expres\u00f3 emocionada Lidia Catepill\u00e1n, presidenta de la cooperativa.<\/p>\n\n\n\n<p>Este nuevo furg\u00f3n viene a reemplazar el veh\u00edculo adquirido en 2014, que ya hab\u00eda cumplido su vida \u00fatil. Su incorporaci\u00f3n no solo significa eficiencia operativa, sino tambi\u00e9n autonom\u00eda comercial y mayor capacidad de respuesta frente a las exigencias del mercado.<\/p>\n\n\n\n<p>Para el delegado presidencial Jos\u00e9 Ruiz Pivcevic, la entrega del furg\u00f3n representa mucho m\u00e1s que una mejora log\u00edstica, son que un compromiso del gobierno y el trabajo colaborativo de los agricultores. \u201cLa soberan\u00eda alimentaria es uno de los desaf\u00edos estrat\u00e9gicos de nuestra regi\u00f3n. En respuesta a este reto, el Gobierno del Presidente Gabriel Boric ha impulsado una pol\u00edtica clara para fortalecer la agricultura local a trav\u00e9s del modelo cooperativo. Hoy celebramos una muestra concreta de ese compromiso, con una organizaci\u00f3n que encarna el esp\u00edritu de colaboraci\u00f3n y perseverancia\u201d, sostuvo.<\/p>\n\n\n\n<p>Antecedentes<\/p>\n\n\n\n<p>Fundada en 2013, la Cooperativa Campos de Hielo es un referente de la agricultura familiar en Magallanes. Naci\u00f3 del esfuerzo conjunto de peque\u00f1os productores hort\u00edcolas de Puerto Natales que, enfrentando condiciones clim\u00e1ticas adversas y brechas de comercializaci\u00f3n, decidieron avanzar unidos hacia un modelo cooperativo con identidad territorial. Actualmente, est\u00e1 compuesta por 13 socios, de los cuales 12 son mujeres, lo que la convierte en un modelo destacado de liderazgo femenino rural a nivel nacional.<\/p>\n\n\n\n<p>En su trayectoria, la cooperativa ha logrado abrir su propio punto de ventas, integrarse al sistema de compras p\u00fablicas y diversificar su producci\u00f3n con cultivos como frutillas, zapallitos italianos y pepinos. Tambi\u00e9n ha extendido su presencia desde el mercado local de Natales a la comercializaci\u00f3n en Punta Arenas.<\/p>\n\n\n\n<p>\u201cEste a\u00f1o la cooperativa ha dado dos pasos fundamentales: la creaci\u00f3n de su punto de venta y la adquisici\u00f3n de este nuevo furg\u00f3n. Eso habla muy bien del trabajo que est\u00e1n haciendo y del impacto que tiene la colaboraci\u00f3n en el agro\u201d, afirm\u00f3 el delegado provincial Guillermo Ruiz.<\/p>\n\n\n\n<p>Gabriel Zegers, director regional de INDAP, valor\u00f3 especialmente la dimensi\u00f3n territorial y social de esta entrega. \u201cEl desarrollo rural no puede entenderse sin justicia territorial ni sin equidad de g\u00e9nero. Y esta cooperativa encarna ambos principios. Es el rostro de una agricultura moderna, liderada por mujeres, con capacidad de articular una econom\u00eda a escala en una regi\u00f3n tan desafiante como Magallanes\u201d.<\/p>\n\n\n\n<p>La entrega de este nuevo veh\u00edculo es un paso m\u00e1s en la ruta que comenz\u00f3 hace m\u00e1s de una d\u00e9cada, cuando las agricultoras y agricultores de Natales decidieron sembrar futuro desde la asociatividad.<\/p>\n","protected":false},"excerpt":{"rendered":"<p>En una ceremonia cargada de emoci\u00f3n y sentido comunitario, la Cooperativa Agr\u00edcola Campos de Hielo Limitada recibi\u00f3 un nuevo furg\u00f3n Citro\u00ebn Jumper 2025, con capacidad para 2.000 kilos, gracias a&#8230; <a class=\"read-more\" href=\"https:\/\/www.radiopresidenteibanez.cl\/web\/cooperativa-campo-de-hielo-recibe-furgon-para-potenciar-la-agricultura-asociativa-en-puerto-natales\/\">Leer m\u00e1s<\/a><\/p>\n","protected":false},"author":2,"featured_media":57207,"comment_status":"closed","ping_status":"closed","sticky":false,"template":"","format":"standard","meta":{"footnotes":""},"categories":[1],"tags":[],"class_list":["post-57206","post","type-post","status-publish","format-standard","has-post-thumbnail","hentry","category-cronica"],"_links":{"self":[{"href":"https:\/\/www.radiopresidenteibanez.cl\/web\/wp-json\/wp\/v2\/posts\/57206","targetHints":{"allow":["GET"]}}],"collection":[{"href":"https:\/\/www.radiopresidenteibanez.cl\/web\/wp-json\/wp\/v2\/posts"}],"about":[{"href":"https:\/\/www.radiopresidenteibanez.cl\/web\/wp-json\/wp\/v2\/types\/post"}],"author":[{"embeddable":true,"href":"https:\/\/www.radiopresidenteibanez.cl\/web\/wp-json\/wp\/v2\/users\/2"}],"replies":[{"embeddable":true,"href":"https:\/\/www.radiopresidenteibanez.cl\/web\/wp-json\/wp\/v2\/comments?post=57206"}],"version-history":[{"count":0,"href":"https:\/\/www.radiopresidenteibanez.cl\/web\/wp-json\/wp\/v2\/posts\/57206\/revisions"}],"wp:featuredmedia":[{"embeddable":true,"href":"https:\/\/www.radiopresidenteibanez.cl\/web\/wp-json\/wp\/v2\/media\/57207"}],"wp:attachment":[{"href":"https:\/\/www.radiopresidenteibanez.cl\/web\/wp-json\/wp\/v2\/media?parent=57206"}],"wp:term":[{"taxonomy":"category","embeddable":true,"href":"https:\/\/www.radiopresidenteibanez.cl\/web\/wp-json\/wp\/v2\/categories?post=57206"},{"taxonomy":"post_tag","embeddable":true,"href":"https:\/\/www.radiopresidenteibanez.cl\/web\/wp-json\/wp\/v2\/tags?post=57206"}],"curies":[{"name":"wp","href":"https:\/\/api.w.org\/{rel}","templated":true}]}}