{"id":57203,"date":"2025-06-25T17:44:00","date_gmt":"2025-06-25T20:44:00","guid":{"rendered":"https:\/\/www.radiopresidenteibanez.cl\/web\/?p=57203"},"modified":"2025-06-25T11:47:11","modified_gmt":"2025-06-25T14:47:11","slug":"reactivacion-de-la-mesa-mujer-y-pesca-marca-hito-en-equidad-de-genero-en-magallanes","status":"publish","type":"post","link":"https:\/\/www.radiopresidenteibanez.cl\/web\/reactivacion-de-la-mesa-mujer-y-pesca-marca-hito-en-equidad-de-genero-en-magallanes\/","title":{"rendered":"Reactivaci\u00f3n de la Mesa Mujer y Pesca marca hito en equidad de g\u00e9nero en Magallanes"},"content":{"rendered":"\n<p>Con una emotiva y simb\u00f3lica ceremonia realizada en la Delegaci\u00f3n Presidencial Regional, se concret\u00f3 hoy la reactivaci\u00f3n de la <em>Mesa Mujer y Pesca<\/em>, instancia que llevaba a\u00f1os inactiva y que tiene por objetivo visibilizar, fortalecer y promover el rol fundamental que cumplen las mujeres en el sector de la pesca artesanal en la Regi\u00f3n de Magallanes y de la Ant\u00e1rtica Chilena.<\/p>\n\n\n\n<p>La jornada convoc\u00f3 a autoridades regionales, representantes de servicios p\u00fablicos y organizaciones del rubro, contando con el Delegado Presidencial Regional, Jos\u00e9 Ruiz Pivcevic, la Seremi de la Mujer y la Equidad de G\u00e9nero, Alejandra Ruiz Ovando, la Seremi de Econom\u00eda, Marlene Espa\u00f1a Miranda, el Director Zonal de la Subsecretar\u00eda de Pesca y Acuicultura (Subpesca), Bernardo Pardo, la Directora del Servicio Nacional de la Mujer y la Equidad de G\u00e9nero (Sernameg), Paula Leiva Burgos, profesionales de distintas entidades relacionadas y, por supuesto, pescadoras artesanales de la regi\u00f3n.<\/p>\n\n\n\n<p>Durante la actividad se procedi\u00f3 a la formalizaci\u00f3n de la constituci\u00f3n de la Mesa Mujer y Pesca, mediante la firma de la resoluci\u00f3n oficial que da origen a este espacio de trabajo colaborativo. En la misma instancia, se establecieron lineamientos para su funcionamiento y se convoc\u00f3 a una participaci\u00f3n activa y representativa desde los distintos territorios costeros de Magallanes.<\/p>\n\n\n\n<p>Adem\u00e1s, las profesionales Catherine Dougnac y Nykol Jara, de la organizaci\u00f3n Wildlife Conservation Society (WCS), realizaron un Taller de Trabajo enfocado en el desarrollo del sector pesquero de la mujer, que permiti\u00f3 reflexionar colectivamente sobre los desaf\u00edos que enfrentan en su labor cotidiana, visibilizar sus m\u00faltiples roles y fortalecer los lazos de colaboraci\u00f3n. Esta actividad gener\u00f3 un espacio de confianza, escucha activa y empoderamiento, clave para la construcci\u00f3n de pol\u00edticas p\u00fablicas con enfoque territorial y de g\u00e9nero.<\/p>\n\n\n\n<p>El Delegado Presidencial Regional expres\u00f3 su satisfacci\u00f3n con la instancia:<br>\u00abComo delegaci\u00f3n estamos muy contentos de la reactivaci\u00f3n de la Mesa Mujer Pesca porque es una actividad hist\u00f3rica, muy identitaria de nuestra regi\u00f3n, donde hist\u00f3ricamente ha habido una invisibilizaci\u00f3n del rol de las mujeres en estas labores. Esta mesa busca, mediante el di\u00e1logo y la coordinaci\u00f3n, identificar esas brechas y generar pol\u00edticas p\u00fablicas concretas que las reduzcan. Confiamos plenamente en que esta reactivaci\u00f3n tendr\u00e1 resultados reales para las mujeres que trabajan en la pesca artesanal\u00bb, afirm\u00f3.<\/p>\n\n\n\n<p>Desde la Subsecretar\u00eda de Pesca y Acuicultura, Marcela M\u00e1rquez Alvarado, profesional de la Direcci\u00f3n Zonal, destac\u00f3 que si bien muchas mujeres no participan directamente en faenas extractivas debido a las condiciones geogr\u00e1ficas y clim\u00e1ticas de la regi\u00f3n, s\u00ed cumplen un rol crucial en la actividad: \u00abEllas se desempe\u00f1an como administradoras de las empresas familiares, se encargan de realizar las compras para abastecer las embarcaciones, los pagos que generan esas compras, hacer las vinculaciones con los servicios p\u00fablicos, los tr\u00e1mites ante la autoridad mar\u00edtima, hacen gestiones, asisten a reuniones, participan como lideresas en alguna organizaci\u00f3n de pescadores. Este espacio nos permitir\u00e1 visibilizar su labor dentro de la comunidad de Magallanes y adem\u00e1s que puedan seguir fortaleci\u00e9ndose ellas como mujeres, adem\u00e1s de pescadoras.\u00bb, explic\u00f3.<\/p>\n\n\n\n<p>La voz de las mujeres del mar tambi\u00e9n estuvo presente a trav\u00e9s de Sandra Lefoll, pescadora y armadora de Punta Arenas, quien subray\u00f3 la importancia de reconocer formalmente la labor femenina: \u00abPara nosotras es muy importante porque habla de la equidad de g\u00e9nero, habla de reconocer a la mujer el rol que pertenece a la pesca artesanal Nosotras ayudamos en todo lo que implica la pesca: las compras, la log\u00edstica, los proveedores, la organizaci\u00f3n. Yo soy armadora y s\u00e9 del sacrificio de mi marido en alta mar, pero tambi\u00e9n es necesario reconocer el trabajo de la mujer. Me alegra mucho que hoy se hable de igualdad, de equidad, y que se valore la parte que nos corresponde en la pesca artesanal\u00bb, sostuvo.<\/p>\n\n\n\n<p>Por su parte, la Seremi de la Mujer y la Equidad de G\u00e9nero, Alejandra Ruiz, recalc\u00f3 la importancia de esta articulaci\u00f3n entre lo p\u00fablico y lo privado: \u00abQueremos que las mujeres incidan directamente en las pol\u00edticas p\u00fablicas. Esta mesa ser\u00e1 un espacio para escuchar sus necesidades y canalizarlas a trav\u00e9s de los programas que ejecuta nuestro Servicio Nacional de la Mujer y la Equidad de G\u00e9nero, la Fundaci\u00f3n Prodemu y otras entidades p\u00fablicas, as\u00ed como mediante reformas legales y acciones impulsadas por el Estado. Responder con sentido de urgencia al mundo de la pesca artesanal, con enfoque de g\u00e9nero, es una prioridad\u00bb, declar\u00f3.<\/p>\n\n\n\n<p>Por su parte, la Seremi de Econom\u00eda, Marlene Espa\u00f1a Miranda, destac\u00f3 que el fortalecimiento del rol de las mujeres en la pesca artesanal es tambi\u00e9n una oportunidad para dinamizar las econom\u00edas locales con una mirada inclusiva y sostenible: \u201cEsta mesa no solo tiene un valor simb\u00f3lico en cuanto a equidad de g\u00e9nero, sino tambi\u00e9n un impacto concreto en el desarrollo econ\u00f3mico de nuestros territorios. Las mujeres que trabajan en la pesca artesanal, muchas veces desde roles invisibilizados, cumplen funciones clave para la sostenibilidad de esta actividad productiva. Queremos avanzar en pol\u00edticas que reconozcan su labor, fomenten su formalizaci\u00f3n y potencien sus capacidades emprendedoras, con una oferta p\u00fablica pertinente y con enfoque de g\u00e9nero\u201d<\/p>\n\n\n\n<p>En esa misma l\u00ednea, Bernardo Pardo, director zonal de Subpesca, puntualiz\u00f3 que el enfoque debe estar en saldar una deuda hist\u00f3rica: \u00abEn el \u00e1mbito de la pesca, y particularmente en la pesca artesanal, se trata de una actividad tradicionalmente masculinizada, donde las mujeres han permanecido invisibilizadas. Por eso, es necesario reconocer y poner en valor las labores que realizan, especialmente aquellas complementarias a la pesca. Muchas de ellas figuran en los registros de pescadores artesanales como agentes pesqueros, pero tambi\u00e9n hay otras que colaboran sin ser reconocidas formalmente. Hoy nos interesa que este espacio les permita conocer sus derechos y, al mismo tiempo, conectar con la estructura de oportunidades que el Estado ofrece para su desarrollo.\u00bb, concluy\u00f3.<\/p>\n\n\n\n<p>La reactivaci\u00f3n de esta mesa representa un paso firme hacia una pesca m\u00e1s inclusiva y equitativa en Magallanes, donde las mujeres no solo son parte del presente, sino tambi\u00e9n protagonistas del futuro del mar.<\/p>\n","protected":false},"excerpt":{"rendered":"<p>Con una emotiva y simb\u00f3lica ceremonia realizada en la Delegaci\u00f3n Presidencial Regional, se concret\u00f3 hoy la reactivaci\u00f3n de la Mesa Mujer y Pesca, instancia que llevaba a\u00f1os inactiva y que&#8230; <a class=\"read-more\" href=\"https:\/\/www.radiopresidenteibanez.cl\/web\/reactivacion-de-la-mesa-mujer-y-pesca-marca-hito-en-equidad-de-genero-en-magallanes\/\">Leer m\u00e1s<\/a><\/p>\n","protected":false},"author":2,"featured_media":57204,"comment_status":"closed","ping_status":"closed","sticky":false,"template":"","format":"standard","meta":{"footnotes":""},"categories":[1],"tags":[],"class_list":["post-57203","post","type-post","status-publish","format-standard","has-post-thumbnail","hentry","category-cronica"],"_links":{"self":[{"href":"https:\/\/www.radiopresidenteibanez.cl\/web\/wp-json\/wp\/v2\/posts\/57203","targetHints":{"allow":["GET"]}}],"collection":[{"href":"https:\/\/www.radiopresidenteibanez.cl\/web\/wp-json\/wp\/v2\/posts"}],"about":[{"href":"https:\/\/www.radiopresidenteibanez.cl\/web\/wp-json\/wp\/v2\/types\/post"}],"author":[{"embeddable":true,"href":"https:\/\/www.radiopresidenteibanez.cl\/web\/wp-json\/wp\/v2\/users\/2"}],"replies":[{"embeddable":true,"href":"https:\/\/www.radiopresidenteibanez.cl\/web\/wp-json\/wp\/v2\/comments?post=57203"}],"version-history":[{"count":0,"href":"https:\/\/www.radiopresidenteibanez.cl\/web\/wp-json\/wp\/v2\/posts\/57203\/revisions"}],"wp:featuredmedia":[{"embeddable":true,"href":"https:\/\/www.radiopresidenteibanez.cl\/web\/wp-json\/wp\/v2\/media\/57204"}],"wp:attachment":[{"href":"https:\/\/www.radiopresidenteibanez.cl\/web\/wp-json\/wp\/v2\/media?parent=57203"}],"wp:term":[{"taxonomy":"category","embeddable":true,"href":"https:\/\/www.radiopresidenteibanez.cl\/web\/wp-json\/wp\/v2\/categories?post=57203"},{"taxonomy":"post_tag","embeddable":true,"href":"https:\/\/www.radiopresidenteibanez.cl\/web\/wp-json\/wp\/v2\/tags?post=57203"}],"curies":[{"name":"wp","href":"https:\/\/api.w.org\/{rel}","templated":true}]}}