{"id":57200,"date":"2025-06-25T16:07:00","date_gmt":"2025-06-25T19:07:00","guid":{"rendered":"https:\/\/www.radiopresidenteibanez.cl\/web\/?p=57200"},"modified":"2025-06-25T11:37:28","modified_gmt":"2025-06-25T14:37:28","slug":"31-estudiantes-de-liceos-tecnicos-evaluaron-sus-competencias-laborales-como-soldadores","status":"publish","type":"post","link":"https:\/\/www.radiopresidenteibanez.cl\/web\/31-estudiantes-de-liceos-tecnicos-evaluaron-sus-competencias-laborales-como-soldadores\/","title":{"rendered":"31 estudiantes de liceos t\u00e9cnicos evaluaron sus competencias laborales como soldadores"},"content":{"rendered":"\n<p>Un nuevo grupo de estudiantes de Cuarto Medio de dos liceos t\u00e9cnico-profesionales de la regi\u00f3n desarrollaron su proceso de evaluaci\u00f3n de competencias laborales en el perfil de soldador, gracias al apoyo de ChileValora, instituci\u00f3n dependiente del Ministerio del Trabajo y Previsi\u00f3n Social.<\/p>\n\n\n\n<p>En esta ocasi\u00f3n, fueron 16 j\u00f3venes y docentes del Liceo Industrial Armando Quezada Achar\u00e1n, junto a 15 estudiantes del Instituto Don Bosco -ambos de Punta Arenas- quienes evaluaron sus conocimientos en el \u00e1rea, en un proceso desarrollado por el centro de Certificaci\u00f3n de Competencias Laborales Jes&amp;Dor.<\/p>\n\n\n\n<p>La Seremi del Trabajo, Jessica Bengoa Mayorga, destac\u00f3 en especial la coordinaci\u00f3n exitosa que se ha llevado a cabo desde la cartera del Trabajo -a trav\u00e9s de ChileValora- con los liceos t\u00e9cnico-profesionales de la zona para la certificaci\u00f3n de competencias laborales. &nbsp;<\/p>\n\n\n\n<p>\u201cEste ha sido un trabajo muy frut\u00edfero y sumamente importante, por la tremenda herramienta que representa para las y los j\u00f3venes de liceos t\u00e9cnicos el poder egresar de sus respectivas especialidades con una validaci\u00f3n adicional, que es la que entrega ChileValora por medio de la certificaci\u00f3n de competencias laborales. Algo que, adem\u00e1s, no s\u00f3lo les entrega este plus, sino que, junto con eso acredita que sus conocimientos est\u00e1n a la altura de los est\u00e1ndares que el mercado laboral requiere. Nuestra intenci\u00f3n es continuar e intensificar esta labor colaborativa, siempre pensando en el beneficio de quienes egresan de los liceos t\u00e9cnicos de la regi\u00f3n\u201d, se\u00f1al\u00f3.<\/p>\n\n\n\n<p>Juan Pedro Vel\u00e1squez D\u00edaz, estudiante de cuarto Medio de la Especialidad de Construcciones Met\u00e1licas y Soldadura del Liceo Industrial, agradeci\u00f3 la oportunidad brindada por los diferentes actores. \u201cLo encuentro una posibilidad muy buena, porque nos ayuda para conseguir trabajo a futuro y creo que nos va a ayudar y nos va a dar una buena oportunidad, ya que vamos a salir con un certificado que no todos lo tienen\u201d, destac\u00f3.<\/p>\n\n\n\n<p>A su vez, Rodrigo Guala, estudiante la misma especialidad, se\u00f1al\u00f3 sentirse seguro en este proceso gracias a los conocimientos adquiridos en el establecimiento. \u201cMe parece bien este proceso, porque podemos aplicar los conocimientos de la soldadura. Esto me beneficia harto, porque si logro calificar, voy a darme cuenta de las capacidades que tengo para realizar ciertos trabajos. Me siento muy seguro con los conocimientos que tengo hasta ahora. En el futuro me gustar\u00eda especializarme m\u00e1s en esta misma \u00e1rea y trabajar en esto\u201d, sostuvo.<\/p>\n\n\n\n<p>Por su parte, Micaela Lentrizco, profesora y encargada de la especialidad de Construcciones Met\u00e1licas y Soldadura del Liceo Industrial, explic\u00f3 que \u201cha sido un proceso bastante intenso para los muchachos, pero lo hemos abordado con mucha tranquilidad y aplicando los conocimientos te\u00f3ricos y pr\u00e1cticos que ellos han adquirido desde tercero hasta lo que llevamos ahora. Lo que viene a continuaci\u00f3n es la evaluaci\u00f3n pr\u00e1ctica y ellos han estado practicando harto, as\u00ed que deber\u00eda resultar todo bien. Ellos est\u00e1n s\u00faper entusiasmados y expectantes, pero tienen los conocimientos te\u00f3ricos y pr\u00e1cticos, as\u00ed que deber\u00edamos andar muy bien\u201d.<\/p>\n\n\n\n<p>\u201cEste proceso es s\u00faper bueno, porque les entrega herramientas y tambi\u00e9n una oportunidad que se les da a los muchachos y, a la vez, es muy bueno que el Gobierno, en realidad el Estado, participe dentro de la educaci\u00f3n p\u00fablica y les d\u00e9 esta herramienta a los j\u00f3venes de hoy, ya que esta especialidad tambi\u00e9n es de mano de obra especializada, por lo tanto, es sumamente importante que se certifiquen y salgan con las herramientas para poder enfrentar el mundo laboral\u201d, agreg\u00f3.<\/p>\n","protected":false},"excerpt":{"rendered":"<p>Un nuevo grupo de estudiantes de Cuarto Medio de dos liceos t\u00e9cnico-profesionales de la regi\u00f3n desarrollaron su proceso de evaluaci\u00f3n de competencias laborales en el perfil de soldador, gracias al&#8230; <a class=\"read-more\" href=\"https:\/\/www.radiopresidenteibanez.cl\/web\/31-estudiantes-de-liceos-tecnicos-evaluaron-sus-competencias-laborales-como-soldadores\/\">Leer m\u00e1s<\/a><\/p>\n","protected":false},"author":2,"featured_media":57201,"comment_status":"closed","ping_status":"closed","sticky":false,"template":"","format":"standard","meta":{"footnotes":""},"categories":[1],"tags":[],"class_list":["post-57200","post","type-post","status-publish","format-standard","has-post-thumbnail","hentry","category-cronica"],"_links":{"self":[{"href":"https:\/\/www.radiopresidenteibanez.cl\/web\/wp-json\/wp\/v2\/posts\/57200","targetHints":{"allow":["GET"]}}],"collection":[{"href":"https:\/\/www.radiopresidenteibanez.cl\/web\/wp-json\/wp\/v2\/posts"}],"about":[{"href":"https:\/\/www.radiopresidenteibanez.cl\/web\/wp-json\/wp\/v2\/types\/post"}],"author":[{"embeddable":true,"href":"https:\/\/www.radiopresidenteibanez.cl\/web\/wp-json\/wp\/v2\/users\/2"}],"replies":[{"embeddable":true,"href":"https:\/\/www.radiopresidenteibanez.cl\/web\/wp-json\/wp\/v2\/comments?post=57200"}],"version-history":[{"count":0,"href":"https:\/\/www.radiopresidenteibanez.cl\/web\/wp-json\/wp\/v2\/posts\/57200\/revisions"}],"wp:featuredmedia":[{"embeddable":true,"href":"https:\/\/www.radiopresidenteibanez.cl\/web\/wp-json\/wp\/v2\/media\/57201"}],"wp:attachment":[{"href":"https:\/\/www.radiopresidenteibanez.cl\/web\/wp-json\/wp\/v2\/media?parent=57200"}],"wp:term":[{"taxonomy":"category","embeddable":true,"href":"https:\/\/www.radiopresidenteibanez.cl\/web\/wp-json\/wp\/v2\/categories?post=57200"},{"taxonomy":"post_tag","embeddable":true,"href":"https:\/\/www.radiopresidenteibanez.cl\/web\/wp-json\/wp\/v2\/tags?post=57200"}],"curies":[{"name":"wp","href":"https:\/\/api.w.org\/{rel}","templated":true}]}}