{"id":57197,"date":"2025-06-25T14:24:00","date_gmt":"2025-06-25T17:24:00","guid":{"rendered":"https:\/\/www.radiopresidenteibanez.cl\/web\/?p=57197"},"modified":"2025-06-25T11:32:38","modified_gmt":"2025-06-25T14:32:38","slug":"seremi-de-desarrollo-social-y-familia-iniciara-primer-catastro-de-poblacion-femenina-en-situacion-de-calle","status":"publish","type":"post","link":"https:\/\/www.radiopresidenteibanez.cl\/web\/seremi-de-desarrollo-social-y-familia-iniciara-primer-catastro-de-poblacion-femenina-en-situacion-de-calle\/","title":{"rendered":"Seremi de Desarrollo Social y Familia iniciar\u00e1 primer catastro de poblaci\u00f3n femenina en situaci\u00f3n de calle"},"content":{"rendered":"\n<p>Como una forma de conocer la realidad de la poblaci\u00f3n femenina que se encuentra en situaci\u00f3n de calle, la Secretar\u00eda Regional Ministerial de Desarrollo Social y Familia iniciar\u00e1 un catastro que permitir\u00e1 contabilizar de manera in\u00e9dita la cantidad de mujeres que residen en calle, adem\u00e1s de identificar sus caracter\u00edsticas y necesidades para facilitar el acceso a los beneficios y prestaciones sociales del Estado.<\/p>\n\n\n\n<p>El lanzamiento de este trabajo se concret\u00f3 a trav\u00e9s de una feria de servicios p\u00fablicos organizada para las mujeres en situaci\u00f3n de calle, la cual fue planificada por la secretar\u00eda regional en la Hospeder\u00eda del Hogar de Cristo de Punta Arenas. En esta instancia las mujeres accedieron a informaci\u00f3n sobre el proceso catastral, la oferta de prestaciones del Estado, adem\u00e1s de servicios de peluquer\u00eda, maquillaje, manicure y un bazar gratuito.<\/p>\n\n\n\n<p>El Seremi de Desarrollo Social y Familia, Danilo Mimica, se\u00f1al\u00f3 que \u201cestamos lanzando un catastro para mujeres en situaci\u00f3n de calle, trabajo que se efectuar\u00e1 por primera vez en nuestra regi\u00f3n y que surgi\u00f3 como iniciativa de nuestras funcionarias y funcionarios que trabajan con los programas orientados a este grupo humano. El trabajo de levantamiento de datos estar\u00e1 a cargo de las instituciones que ejecutan nuestra oferta, as\u00ed que agradecemos su colaboraci\u00f3n. Para generar confianza en el proceso organizamos este espacio de informaci\u00f3n, que tambi\u00e9n es un punto de encuentro y reconocimiento para las mujeres, para poder conocerse, compartir entre ellas, adem\u00e1s de recibir una atenci\u00f3n respetuosa y accesible sobre oferta p\u00fablica, acompa\u00f1ado de servicios destinados al autocuidado y bienestar\u201d.<\/p>\n\n\n\n<p>Una de las usuarias que particip\u00f3 en la feria fue Alice Ampuero, quien coment\u00f3 que \u201cla feria me pareci\u00f3 bien entretenida porque hab\u00eda de todo para venir a vitrinear, adem\u00e1s se pod\u00eda hacer las u\u00f1as, arreglar el pelo y maquillar. La verdad es que faltan m\u00e1s actividades como esta. Me gustar\u00eda que se si hicieran m\u00e1s ferias, porque es un espacio donde adem\u00e1s nos juntamos para hablar sobre lo que nos pasa\u201d.<\/p>\n\n\n\n<p>El trabajo de levantamiento de datos tendr\u00e1 una duraci\u00f3n aproximada de seis meses y est\u00e1 dise\u00f1ado como un trabajo colaborativo entre los profesionales que forman parte de las instituciones ejecutoras de los programas Calle y Noche Digna, que financia el Ministerio de Desarrollo Social y Familia en las comunas de Punta Arenas y Natales: ONG Trek\u00e1n, Municipalidad de Natales, Hogar de Cristo y FIDE XII.<\/p>\n\n\n\n<p>Mediante entrevistas individuales y grupos de conversaci\u00f3n, los equipos de las instituciones ejecutoras realizar\u00e1n preguntas en relaci\u00f3n a aspectos&nbsp;demogr\u00e1ficos, de educaci\u00f3n, salud, vivienda, trabajo e ingresos, causas de la situaci\u00f3n de calle, violencia de g\u00e9nero, circuitos de calle y descripci\u00f3n de sus actividades de la vida diaria.<\/p>\n\n\n\n<p>Es importante destacar que la participaci\u00f3n de las mujeres es de car\u00e1cter voluntario, y en caso de acceder a este proceso deben completar un consentimiento informado que se encontrar\u00e1 disponible en los albergues de la regi\u00f3n. Seg\u00fan datos del Anexo Calle del Registro Social de Hogares (RSH), en Magallanes existen alrededor de 160 personas en situaci\u00f3n de calle, de las cuales 17 son mujeres.<\/p>\n\n\n\n<p>Sobre la oferta&nbsp;de dispositivos para las personas en situaci\u00f3n de calle, el Ministerio de Desarrollo Social y Familia mantiene dos albergues en la regi\u00f3n: Uno en Punta Arenas, y otro en Natales, adem\u00e1s de un Centro de Referencia, ubicado en la capital regional y orientado a quienes iniciaron un proceso de superaci\u00f3n de la situaci\u00f3n de calle.<\/p>\n\n\n\n<p>Estos albergues se complementan con la Ruta Protege que se inaugur\u00f3 a fines de mayo, adem\u00e1s de dos nuevas rutas y un tercer albergue que pr\u00f3ximamente comenzar\u00e1n a ejecutarse.<\/p>\n","protected":false},"excerpt":{"rendered":"<p>Como una forma de conocer la realidad de la poblaci\u00f3n femenina que se encuentra en situaci\u00f3n de calle, la Secretar\u00eda Regional Ministerial de Desarrollo Social y Familia iniciar\u00e1 un catastro&#8230; <a class=\"read-more\" href=\"https:\/\/www.radiopresidenteibanez.cl\/web\/seremi-de-desarrollo-social-y-familia-iniciara-primer-catastro-de-poblacion-femenina-en-situacion-de-calle\/\">Leer m\u00e1s<\/a><\/p>\n","protected":false},"author":2,"featured_media":57198,"comment_status":"closed","ping_status":"closed","sticky":false,"template":"","format":"standard","meta":{"footnotes":""},"categories":[1],"tags":[],"class_list":["post-57197","post","type-post","status-publish","format-standard","has-post-thumbnail","hentry","category-cronica"],"_links":{"self":[{"href":"https:\/\/www.radiopresidenteibanez.cl\/web\/wp-json\/wp\/v2\/posts\/57197","targetHints":{"allow":["GET"]}}],"collection":[{"href":"https:\/\/www.radiopresidenteibanez.cl\/web\/wp-json\/wp\/v2\/posts"}],"about":[{"href":"https:\/\/www.radiopresidenteibanez.cl\/web\/wp-json\/wp\/v2\/types\/post"}],"author":[{"embeddable":true,"href":"https:\/\/www.radiopresidenteibanez.cl\/web\/wp-json\/wp\/v2\/users\/2"}],"replies":[{"embeddable":true,"href":"https:\/\/www.radiopresidenteibanez.cl\/web\/wp-json\/wp\/v2\/comments?post=57197"}],"version-history":[{"count":0,"href":"https:\/\/www.radiopresidenteibanez.cl\/web\/wp-json\/wp\/v2\/posts\/57197\/revisions"}],"wp:featuredmedia":[{"embeddable":true,"href":"https:\/\/www.radiopresidenteibanez.cl\/web\/wp-json\/wp\/v2\/media\/57198"}],"wp:attachment":[{"href":"https:\/\/www.radiopresidenteibanez.cl\/web\/wp-json\/wp\/v2\/media?parent=57197"}],"wp:term":[{"taxonomy":"category","embeddable":true,"href":"https:\/\/www.radiopresidenteibanez.cl\/web\/wp-json\/wp\/v2\/categories?post=57197"},{"taxonomy":"post_tag","embeddable":true,"href":"https:\/\/www.radiopresidenteibanez.cl\/web\/wp-json\/wp\/v2\/tags?post=57197"}],"curies":[{"name":"wp","href":"https:\/\/api.w.org\/{rel}","templated":true}]}}