{"id":57194,"date":"2025-06-25T12:49:00","date_gmt":"2025-06-25T15:49:00","guid":{"rendered":"https:\/\/www.radiopresidenteibanez.cl\/web\/?p=57194"},"modified":"2025-06-25T11:23:46","modified_gmt":"2025-06-25T14:23:46","slug":"seremi-de-energia-invita-a-conocer-e-inscribirse-como-proveedor-en-nueva-plataforma-digital-sobre-el-ecosistema-del-hidrogeno-en-chile","status":"publish","type":"post","link":"https:\/\/www.radiopresidenteibanez.cl\/web\/seremi-de-energia-invita-a-conocer-e-inscribirse-como-proveedor-en-nueva-plataforma-digital-sobre-el-ecosistema-del-hidrogeno-en-chile\/","title":{"rendered":"Seremi de Energ\u00eda invita \u201ca conocer e inscribirse como proveedor\u201d en nueva plataforma digital sobre el ecosistema del hidr\u00f3geno en Chile"},"content":{"rendered":"\n<p>Una invitaci\u00f3n a \u201cconocer e inscribirse como proveedor\u201d en&nbsp;<a href=\"http:\/\/www.orientah2.org\/\" target=\"_blank\" rel=\"noreferrer noopener\">www.orientah2.org<\/a>, la nueva plataforma digital sobre el hidr\u00f3geno en Chile, hizo esta semana el Seremi de Energ\u00eda de Magallanes, Sergio Cuiti\u00f1o.<\/p>\n\n\n\n<p>La web, -recientemente creada y presentada en Santiago el pasado mes-, la desarroll\u00f3 la Agencia de Sostenibilidad Energ\u00e9tica (AgenciaSE) en conjunto con el Ministerio de Energ\u00eda, con el objetivo de \u201cofrecer una soluci\u00f3n a quienes deseen navegar por el ecosistema del hidr\u00f3geno en Chile\u201d, cont\u00f3 el Seremi Cuiti\u00f1o.<\/p>\n\n\n\n<p>La autoridad regional de Energ\u00eda sostuvo que la plataforma fue creada con foco en cinco regiones estrat\u00e9gicas: Antofagasta, Valpara\u00edso, Metropolitana, Biob\u00edo y Magallanes; respondiendo de este modo a la implementaci\u00f3n del Plan de Acci\u00f3n de Hidr\u00f3geno Verde 2023-2030 que impulsa el gobierno del presidente Gabriel Boric, espec\u00edficamente en su l\u00ednea de acci\u00f3n N\u00b014, destinada a fomentar los encadenamientos productivos.<\/p>\n\n\n\n<p>\u201cEsta herramienta permitir\u00e1 a sus usuarios conectar con la informaci\u00f3n y los actores clave del sector en un solo lugar. Esto evita la dispersi\u00f3n y, adem\u00e1s, la convierte en una vitrina y punto de encuentro para aquellos proveedores y clientes de la industria que deseen publicar sus servicios y\/o proyectos relacionados con el hidr\u00f3geno verde y sus derivados\u201d, explic\u00f3 Cuiti\u00f1o.<\/p>\n\n\n\n<p><strong>FUNCIONALIDADES Y SERVICIOS DE LA PLATAFORMA<\/strong><\/p>\n\n\n\n<p>Seg\u00fan detall\u00f3 el Seremi de Energ\u00eda, el sitio web fue dise\u00f1ado con funcionalidades que buscan ayudar a potenciar la industria del hidr\u00f3geno, tales como: encontrar proveedores a lo largo de toda la cadena de valor del hidr\u00f3geno, descubrir opciones de financiamiento para impulsar una idea o expandir un negocio, acceder a diagn\u00f3sticos regionales con oportunidades y desaf\u00edos espec\u00edficos para cada zona, y explorar el mapa de proyectos y conocer iniciativas actuales y futuras en m\u00faltiples industrias.<\/p>\n\n\n\n<p>Otros servicios que provee&nbsp;<a href=\"http:\/\/www.orientah2.org\/\" target=\"_blank\" rel=\"noreferrer noopener\">www.orientah2.org<\/a>&nbsp;es el acceso a informaci\u00f3n actualizada y clave para la industria como, por ejemplo, sobre la normativa asociada a la seguridad de instalaciones de hidr\u00f3geno, indicadores del hidr\u00f3geno verde en Chile en el nuevo sitio del SEA, documentos, noticias de Chile y el mundo relacionadas con el hidr\u00f3geno, y links de inter\u00e9s vinculados directamente con la industria, servicios p\u00fablicos y actores privados del sector energ\u00e9tico y energ\u00e9tico renovable. &nbsp;<\/p>\n\n\n\n<p>Finalmente, el titular regional de Energ\u00eda cont\u00f3 que, en Magallanes, hasta el momento, se ha registrado un solo proveedor, por lo que reiteramos la invitaci\u00f3n a los actores del mercado energ\u00e9tico de Magallanes, \u201ca conocer la plataforma, navegar por ella y hacer uso de sus servicios y funcionalidades, a fin de aprovechar este hito en el impulso digital al despliegue la industria del hidr\u00f3geno verde en Chile\u201d.&nbsp;&nbsp;<\/p>\n","protected":false},"excerpt":{"rendered":"<p>Una invitaci\u00f3n a \u201cconocer e inscribirse como proveedor\u201d en&nbsp;www.orientah2.org, la nueva plataforma digital sobre el hidr\u00f3geno en Chile, hizo esta semana el Seremi de Energ\u00eda de Magallanes, Sergio Cuiti\u00f1o. La&#8230; <a class=\"read-more\" href=\"https:\/\/www.radiopresidenteibanez.cl\/web\/seremi-de-energia-invita-a-conocer-e-inscribirse-como-proveedor-en-nueva-plataforma-digital-sobre-el-ecosistema-del-hidrogeno-en-chile\/\">Leer m\u00e1s<\/a><\/p>\n","protected":false},"author":2,"featured_media":57195,"comment_status":"closed","ping_status":"closed","sticky":false,"template":"","format":"standard","meta":{"footnotes":""},"categories":[1],"tags":[],"class_list":["post-57194","post","type-post","status-publish","format-standard","has-post-thumbnail","hentry","category-cronica"],"_links":{"self":[{"href":"https:\/\/www.radiopresidenteibanez.cl\/web\/wp-json\/wp\/v2\/posts\/57194","targetHints":{"allow":["GET"]}}],"collection":[{"href":"https:\/\/www.radiopresidenteibanez.cl\/web\/wp-json\/wp\/v2\/posts"}],"about":[{"href":"https:\/\/www.radiopresidenteibanez.cl\/web\/wp-json\/wp\/v2\/types\/post"}],"author":[{"embeddable":true,"href":"https:\/\/www.radiopresidenteibanez.cl\/web\/wp-json\/wp\/v2\/users\/2"}],"replies":[{"embeddable":true,"href":"https:\/\/www.radiopresidenteibanez.cl\/web\/wp-json\/wp\/v2\/comments?post=57194"}],"version-history":[{"count":0,"href":"https:\/\/www.radiopresidenteibanez.cl\/web\/wp-json\/wp\/v2\/posts\/57194\/revisions"}],"wp:featuredmedia":[{"embeddable":true,"href":"https:\/\/www.radiopresidenteibanez.cl\/web\/wp-json\/wp\/v2\/media\/57195"}],"wp:attachment":[{"href":"https:\/\/www.radiopresidenteibanez.cl\/web\/wp-json\/wp\/v2\/media?parent=57194"}],"wp:term":[{"taxonomy":"category","embeddable":true,"href":"https:\/\/www.radiopresidenteibanez.cl\/web\/wp-json\/wp\/v2\/categories?post=57194"},{"taxonomy":"post_tag","embeddable":true,"href":"https:\/\/www.radiopresidenteibanez.cl\/web\/wp-json\/wp\/v2\/tags?post=57194"}],"curies":[{"name":"wp","href":"https:\/\/api.w.org\/{rel}","templated":true}]}}