{"id":57190,"date":"2025-06-25T11:19:35","date_gmt":"2025-06-25T14:19:35","guid":{"rendered":"https:\/\/www.radiopresidenteibanez.cl\/web\/?p=57190"},"modified":"2025-06-25T11:20:01","modified_gmt":"2025-06-25T14:20:01","slug":"slep-magallanes-participo-en-jornada-nacional-de-infraestructura-de-la-educacion-pubica","status":"publish","type":"post","link":"https:\/\/www.radiopresidenteibanez.cl\/web\/slep-magallanes-participo-en-jornada-nacional-de-infraestructura-de-la-educacion-pubica\/","title":{"rendered":"SLEP Magallanes particip\u00f3 en Jornada Nacional de Infraestructura de la Educaci\u00f3n P\u00fabica"},"content":{"rendered":"\n<p>El encuentro, que comprendi\u00f3 dos jornadas de trabajo, busc\u00f3 fortalecer<br>elementos t\u00e9cnicos y pr\u00e1cticos e intercambiar experiencias entre los 37<br>Servicios Locales que se reunieron en torno a la actividad.<br>Con el prop\u00f3sito de fortalecer el di\u00e1logo, compartir experiencias y<br>reflexionar sobre la importancia de la planificaci\u00f3n estrat\u00e9gica en<br>infraestructura educacional, se llev\u00f3 a cabo la \u201cJornada Nacional de<br>Infraestructura para la Educaci\u00f3n P\u00fablica\u201d.<br>El encuentro cont\u00f3 con la presencia del director de Educaci\u00f3n P\u00fablica,<br>Rodrigo Ega\u00f1a, junto a directoras y directores ejecutivos de los Servicios<br>Locales y representantes de entidades que han desarrollado un trabajo en<br>conjunto con la Direcci\u00f3n de Educaci\u00f3n P\u00fablica (DEP), en materias de<br>desarrollo de infraestructura escolar.<br>La presencia de las directoras y directores de los Servicios Locales en este<br>tipo de encuentros resulta fundamental, ya que son los directivos<br>responsables de movilizar el sistema y materializar las mejoras que la<br>infraestructura de la educaci\u00f3n p\u00fablica requiere, con el objetivo que los<br>estudiantes del Sistema logren los aprendizajes deseados como objetivo<br>central.<br>Rodrigo Ega\u00f1a, director de Educaci\u00f3n P\u00fablica, coment\u00f3 que \u201centendemos<br>que la infraestructura es parte de todo el esfuerzo de la Nueva Educaci\u00f3n<br>P\u00fablica, sin infraestructura no vamos a tener Nueva Educaci\u00f3n P\u00fablica.<br>Espero que luego de esta Jornada Nacional de Infraestructura salgamos con<br>un muy buen intercambio de conocimientos y podamos ser mucho m\u00e1s<br>eficientes en mejorar la infraestructura escolar de nuestro pa\u00eds\u201d.<br>En representaci\u00f3n del SLEP Magallanes participaron el Director Ejecutivo (s),<br>Jorge Vald\u00e9s Or\u00f3stica, y profesionales de la subdirecci\u00f3n de infraestructura<br>y mantenimiento.<br>Vald\u00e9s coment\u00f3 que en la jornada trabajaron para \u201cunificar criterios,<br>compartir experiencias, saber c\u00f3mo funcionan los equipos de proyectos y<br>mantenimiento y, en definitiva, hacer una planificaci\u00f3n estrat\u00e9gica con los<br>distintos directores ejecutivos titulares y subrogantes con la b\u00fasqueda de<br>c\u00f3mo poder agilizar procesos y ver temas financieros\u201d.<\/p>\n\n\n\n<p>Destac\u00f3 que conocieron proyectos de otros servicios locales y las distintas<br>fuentes de financiamiento que han encontrado, adem\u00e1s de analizar c\u00f3mo el<br>sistema puede agilizar los procesos de infraestructura escolar.<br>Por su parte, Rodrigo Castro, jefe de la Divisi\u00f3n de Infraestructura de la DEP<br>destac\u00f3 la importancia de contar con actores relevantes que aporten al<br>desarrollo de la infraestructura de los establecimientos educacionales. \u201cHoy,<br>es super relevante en materias de infraestructura contar con la participaci\u00f3n<br>de actores relevantes como Desarrollo Pa\u00eds, el Ministerio de Desarrollo<br>Social y el de Obras P\u00fablicas y por supuesto los Servicios Locales. Hoy, se<br>requiere un esfuerzo mancomunado para que todo lo que se relacione con el<br>mantenimiento de la infraestructura y proceso de inversi\u00f3n sean relevantes,<br>Se requiere el esfuerzo todas y todos\u201d.<br>El trabajo colaborativo y planificado en este \u00e1mbito tiene un impacto directo<br>en las comunidades escolares, que esperan que el traspaso de los jardines,<br>escuelas y liceos a los SLEP se traduzca en mejoras sustantivas para sus<br>establecimientos, superando las limitaciones que enfrentan algunas<br>comunidades. En ese sentido, Desarrollo Pa\u00eds, empresa del Estado cuyo<br>prop\u00f3sito es impulsar proyectos de infraestructura de manera \u00e1gil, eficiente<br>y con una mirada a largo plazo, a trav\u00e9s de alianzas p\u00fablico- privadas, ha<br>establecido una l\u00ednea de trabajo junto a la Educaci\u00f3n P\u00fablica, reflejado en<br>los proyectos de Isla Juan Fern\u00e1ndez y la comuna de Monte Patria, donde<br>ambos proyectos levantar\u00e1n soluciones definitivas a las ni\u00f1as, ni\u00f1os y<br>j\u00f3venes de sus territorios.<br>Rodrigo Pe\u00f3n, Gerente de Proyectos de Ciudad de Desarrollo Pa\u00eds, fue uni\u00f3<br>de los expositores de la jornada y destac\u00f3 la instancia y la importancia de<br>dar a conocer iniciativas de trabajo como la que se encuentran<br>desarrollando. \u201cMe parece muy importante esta instancia y particularmente<br>desde nuestra posici\u00f3n, como una empresa nueva y una unidad t\u00e9cnica y<br>financiera formuladora para los distintos servicios del Estado, especialmente<br>este caso los Servicios Locales. Es importante darle visualizaci\u00f3n a estas<br>primeras iniciativas que estamos trabajando y que es un modelo de<br>inversi\u00f3n distinto a como se ha financiado y ejecutado la educaci\u00f3n p\u00fablica<br>y en particular los establecimientos educacionales en estas \u00faltimas d\u00e9cadas.<br>Esto viene a complementar el esfuerzo que hace el Ministerio y las distintas<br>contrapartes educacionales. Hemos hasta ahora trabajado con pocos<br>Servicios Locales, por eso es importante que nos podamos dar a conocer<br>para nuevos trabajos vinculados\u201d.<br>La actividad cont\u00f3 tambi\u00e9n con las presentaciones del Ministerio de<br>Desarrollo Social, mediante Rodrigo Henr\u00edquez, Jefe de Divisi\u00f3n Social de<br>Inversiones del Ministerio de Desarrollo Social y Familia y el Ministerio de<\/p>\n\n\n\n<p>Obras P\u00fablicas, a trav\u00e9s de Claudia Uma\u00f1a, jefa de Divisi\u00f3n de Edificaci\u00f3n<br>P\u00fablica de la Direcci\u00f3n de Arquitectura. Esta \u00faltima coment\u00f3 \u201cSin duda es<br>super oportuna y estrat\u00e9gica esta jornada, es importante conocer a nuestras<br>unidades colaborativas y realizar un trabajo en conjunto con las unidades<br>que formulan y ejecutan obras como nosotros, y es importante poder<br>trabajar con los SLEP desde el inicio de una iniciativa de inversi\u00f3n\u201d.<br>Quienes tambi\u00e9n fueron parte de las exposiciones en la \u201cJornada Nacional<br>de Infraestructura para la Educaci\u00f3n P\u00fablica\u201d fueron Jadille Baza, consultora<br>en materias de espacios educativos y Sergio Granados, economista. Ambos,<br>con una con una larga experiencia en el servicio p\u00fablico. Juntos, dieron a<br>conocer la Pol\u00edtica Nacional de Infraestructura Escolar.<br>Baza, arquitecta de profesi\u00f3n, coment\u00f3 que \u201ceste tipo de reuniones de<br>trabajo interministeriales que ha convocado la Direcci\u00f3n de Educaci\u00f3n<br>P\u00fablica es clave para el trabajo que nos viene por delante. Es un desaf\u00edo en<br>el que tenemos que innovar entre todos, no basta solo con el trabajo de la<br>direcci\u00f3n de arquitectura y el Ministerio de Educaci\u00f3n, si no que debe ser<br>con todos los servicios del Estado que est\u00e1n comprometidos con el<br>objetivo\u201d.<\/p>\n","protected":false},"excerpt":{"rendered":"<p>El encuentro, que comprendi\u00f3 dos jornadas de trabajo, busc\u00f3 fortalecerelementos t\u00e9cnicos y pr\u00e1cticos e intercambiar experiencias entre los 37Servicios Locales que se reunieron en torno a la actividad.Con el prop\u00f3sito&#8230; <a class=\"read-more\" href=\"https:\/\/www.radiopresidenteibanez.cl\/web\/slep-magallanes-participo-en-jornada-nacional-de-infraestructura-de-la-educacion-pubica\/\">Leer m\u00e1s<\/a><\/p>\n","protected":false},"author":2,"featured_media":57191,"comment_status":"closed","ping_status":"closed","sticky":false,"template":"","format":"standard","meta":{"footnotes":""},"categories":[1],"tags":[],"class_list":["post-57190","post","type-post","status-publish","format-standard","has-post-thumbnail","hentry","category-cronica"],"_links":{"self":[{"href":"https:\/\/www.radiopresidenteibanez.cl\/web\/wp-json\/wp\/v2\/posts\/57190","targetHints":{"allow":["GET"]}}],"collection":[{"href":"https:\/\/www.radiopresidenteibanez.cl\/web\/wp-json\/wp\/v2\/posts"}],"about":[{"href":"https:\/\/www.radiopresidenteibanez.cl\/web\/wp-json\/wp\/v2\/types\/post"}],"author":[{"embeddable":true,"href":"https:\/\/www.radiopresidenteibanez.cl\/web\/wp-json\/wp\/v2\/users\/2"}],"replies":[{"embeddable":true,"href":"https:\/\/www.radiopresidenteibanez.cl\/web\/wp-json\/wp\/v2\/comments?post=57190"}],"version-history":[{"count":0,"href":"https:\/\/www.radiopresidenteibanez.cl\/web\/wp-json\/wp\/v2\/posts\/57190\/revisions"}],"wp:featuredmedia":[{"embeddable":true,"href":"https:\/\/www.radiopresidenteibanez.cl\/web\/wp-json\/wp\/v2\/media\/57191"}],"wp:attachment":[{"href":"https:\/\/www.radiopresidenteibanez.cl\/web\/wp-json\/wp\/v2\/media?parent=57190"}],"wp:term":[{"taxonomy":"category","embeddable":true,"href":"https:\/\/www.radiopresidenteibanez.cl\/web\/wp-json\/wp\/v2\/categories?post=57190"},{"taxonomy":"post_tag","embeddable":true,"href":"https:\/\/www.radiopresidenteibanez.cl\/web\/wp-json\/wp\/v2\/tags?post=57190"}],"curies":[{"name":"wp","href":"https:\/\/api.w.org\/{rel}","templated":true}]}}