{"id":57184,"date":"2025-06-25T09:39:00","date_gmt":"2025-06-25T12:39:00","guid":{"rendered":"https:\/\/www.radiopresidenteibanez.cl\/web\/?p=57184"},"modified":"2025-06-25T09:09:20","modified_gmt":"2025-06-25T12:09:20","slug":"fuerza-aerea-de-chile-refuerza-promocion-yadmision-en-magallanes-con-visitas-a-liceos-y-ferias-educativas","status":"publish","type":"post","link":"https:\/\/www.radiopresidenteibanez.cl\/web\/fuerza-aerea-de-chile-refuerza-promocion-yadmision-en-magallanes-con-visitas-a-liceos-y-ferias-educativas\/","title":{"rendered":"Fuerza A\u00e9rea de Chile refuerza promoci\u00f3n yadmisi\u00f3n en Magallanes con visitas a liceos y ferias educativas"},"content":{"rendered":"\n<p>El lunes 23 de junio, la IV\u00aa Brigada A\u00e9rea de la Fuerza A\u00e9rea de Chile (FACH)<br>llev\u00f3 a cabo una nueva actividad de promoci\u00f3n y admisi\u00f3n, visitando en esta<br>ocasi\u00f3n la Escuela La Milagrosa de Punta Arenas.<br>Durante la jornada, se instal\u00f3 un stand institucional en el establecimiento<br>educacional, lo que permiti\u00f3 a los estudiantes de ense\u00f1anza media interactuar con<br>equipamiento utilizado por el personal, como cascos de piloto de combate y<br>chalecos t\u00e1cticos.<br>Asimismo, los representantes de la IV\u00aa Brigada A\u00e9rea entregaron informaci\u00f3n<br>detallada sobre los requisitos y fechas de postulaci\u00f3n para ingresar a la Escuela<br>de Aviaci\u00f3n \u201cCapit\u00e1n Manuel \u00c1valos Prado\u201d y a la Escuela de Especialidades<br>\u201cSargento 1\u00b0 Adolfo Menadier Rojas\u201d, as\u00ed como tambi\u00e9n sobre otras v\u00edas de<br>incorporaci\u00f3n.<br>Promoci\u00f3n y admisi\u00f3n<br>Anteriormente, la FACH particip\u00f3 en la 17\u00aa Feria de Educaci\u00f3n Superior, realizada<br>en el Liceo Salesiano Monse\u00f1or Fagnano de Puerto Natales el 17 de junio, y en<br>The British School de Punta Arenas el 19 de junio.<br>Adem\u00e1s, el 18 del mismo mes, los Aviadores Militares ofrecieron una charla<br>vocacional en el Instituto Don Bosco y participaron en una feria en el Colegio<br>Charles Darwin. Tambi\u00e9n estuvieron presentes el 5 de junio en el Liceo Luis<br>Alberto Barrera, y el 4 de junio en el Liceo Mar\u00eda Auxiliadora. En mayo, visitaron el<br>Colegio Alem\u00e1n, Liceo Experimental UMAG y el Liceo Salesiano San Jos\u00e9.<br>Cabe destacar que estas actividades se enmarcan en el programa de promoci\u00f3n y<br>admisi\u00f3n que la instituci\u00f3n est\u00e1 llevando a cabo en la Regi\u00f3n de Magallanes.<br>\u201cLos j\u00f3venes se mostraron entusiasmados y nos hicieron diversas consultas. Fue<br>una experiencia positiva y agradecemos la oportunidad de dar a conocer la<\/p>\n\n\n\n<p>instituci\u00f3n en la Regi\u00f3n de Magallanes\u201d, coment\u00f3 el Jefe de Relaciones P\u00fablicas<br>de la IV\u00aa Brigada A\u00e9rea, Teniente (A) Jorge Ferrada, respecto a las actividades<br>efectuadas.<br>Plazo final<br>En cuanto a las postulaciones, las cuales se realizan de manera online, la Escuela<br>de Aviaci\u00f3n ampli\u00f3 su plazo hasta el 2 de agosto, mientras que la Escuela de<br>Especialidades cierra las inscripciones el 28 de julio.<br>Para m\u00e1s informaci\u00f3n o para realizar la postulaci\u00f3n, las personas pueden visitar<br>las p\u00e1ginas web: www.escueladeaviacion.cl y www.escueladeespecialidades.cl.<br>Tambi\u00e9n pueden seguir las redes sociales de la FACH: @fach_chile_oficial y<br>@admisionfach.<\/p>\n","protected":false},"excerpt":{"rendered":"<p>El lunes 23 de junio, la IV\u00aa Brigada A\u00e9rea de la Fuerza A\u00e9rea de Chile (FACH)llev\u00f3 a cabo una nueva actividad de promoci\u00f3n y admisi\u00f3n, visitando en estaocasi\u00f3n la Escuela&#8230; <a class=\"read-more\" href=\"https:\/\/www.radiopresidenteibanez.cl\/web\/fuerza-aerea-de-chile-refuerza-promocion-yadmision-en-magallanes-con-visitas-a-liceos-y-ferias-educativas\/\">Leer m\u00e1s<\/a><\/p>\n","protected":false},"author":2,"featured_media":57185,"comment_status":"closed","ping_status":"closed","sticky":false,"template":"","format":"standard","meta":{"footnotes":""},"categories":[1],"tags":[],"class_list":["post-57184","post","type-post","status-publish","format-standard","has-post-thumbnail","hentry","category-cronica"],"_links":{"self":[{"href":"https:\/\/www.radiopresidenteibanez.cl\/web\/wp-json\/wp\/v2\/posts\/57184","targetHints":{"allow":["GET"]}}],"collection":[{"href":"https:\/\/www.radiopresidenteibanez.cl\/web\/wp-json\/wp\/v2\/posts"}],"about":[{"href":"https:\/\/www.radiopresidenteibanez.cl\/web\/wp-json\/wp\/v2\/types\/post"}],"author":[{"embeddable":true,"href":"https:\/\/www.radiopresidenteibanez.cl\/web\/wp-json\/wp\/v2\/users\/2"}],"replies":[{"embeddable":true,"href":"https:\/\/www.radiopresidenteibanez.cl\/web\/wp-json\/wp\/v2\/comments?post=57184"}],"version-history":[{"count":0,"href":"https:\/\/www.radiopresidenteibanez.cl\/web\/wp-json\/wp\/v2\/posts\/57184\/revisions"}],"wp:featuredmedia":[{"embeddable":true,"href":"https:\/\/www.radiopresidenteibanez.cl\/web\/wp-json\/wp\/v2\/media\/57185"}],"wp:attachment":[{"href":"https:\/\/www.radiopresidenteibanez.cl\/web\/wp-json\/wp\/v2\/media?parent=57184"}],"wp:term":[{"taxonomy":"category","embeddable":true,"href":"https:\/\/www.radiopresidenteibanez.cl\/web\/wp-json\/wp\/v2\/categories?post=57184"},{"taxonomy":"post_tag","embeddable":true,"href":"https:\/\/www.radiopresidenteibanez.cl\/web\/wp-json\/wp\/v2\/tags?post=57184"}],"curies":[{"name":"wp","href":"https:\/\/api.w.org\/{rel}","templated":true}]}}