{"id":57182,"date":"2025-06-25T08:49:00","date_gmt":"2025-06-25T11:49:00","guid":{"rendered":"https:\/\/www.radiopresidenteibanez.cl\/web\/?p=57182"},"modified":"2025-06-25T08:21:51","modified_gmt":"2025-06-25T11:21:51","slug":"boletin-informativo-orbe-41","status":"publish","type":"post","link":"https:\/\/www.radiopresidenteibanez.cl\/web\/boletin-informativo-orbe-41\/","title":{"rendered":"BOLETIN INFORMATIVO ORBE"},"content":{"rendered":"\n<p>SANTIAGO.- La ministra de Ciencias y vocera subrogante de<br>Gobierno, Ais\u00e9n Etcheverry, se refiri\u00f3 el rev\u00e9s sufri\u00f3 por<br>Fonasa, luego que se declararla desierta la licitaci\u00f3n para<br>crear la nueva Modalidad de Cobertura Complementaria, MCC,<br>\u00abdebido a que no se presentaron ofertas por parte de las<br>compa\u00f1\u00edas de seguros\u00bb. Al respecto, dijo que \u00abse va a hacer<br>el an\u00e1lisis para que este proceso llegue a puerto\u00bb.<\/p>\n\n\n\n<p>SANTIAGO.- Adem\u00e1s, sostuvo que \u00abesto sigue siendo una<br>prioridad de nuestro pa\u00eds\u00bb, y agreg\u00f3 que \u00ablos procesos de<br>licitaci\u00f3n tienen contemplado esto como una posibilidad, que<br>es lo que se\u00f1al\u00f3 el propio Ministerio de Salud. Respecto a lo<br>espec\u00edfico se va a referir la propia ministra\u00bb.<\/p>\n\n\n\n<p>VALPARAISO.- La Comisi\u00f3n de Salud del Senado cit\u00f3 a la<br>ministra de Salud, Ximena Aguilera, y al director del Fondo<br>Nacional de Salud, Fonasa, Camilo Cid, luego que fracasara la<br>licitaci\u00f3n para la Modalidad de Cobertura Complementaria,<br>MCC. Fonasa declar\u00f3 desierta la licitaci\u00f3n para esta<br>modalidad, uno de los ejes importantes de la ley corta de<br>isapres, por falta de inter\u00e9s de las aseguradoras privadas de<br>salud.<\/p>\n\n\n\n<p>SANTIAGO.- Hasta ahora, Fonasa ha suscrito convenios con 490<br>prestadores en el pa\u00eds, pero al vencer el pasado lunes el<br>plazo de recepci\u00f3n de ofertas para adjudicarse una cartera de<br>clientes -cuyo tama\u00f1o sigue indefinido-, ninguna empresa se<br>present\u00f3. Sin embargo, Cid apunt\u00f3 que \u00abiniciativas<br>innovadoras, como es el caso de las MCC en el sector salud,<br>pueden tener este tipo de resultados iniciales, pero han<br>conseguido una adjudicaci\u00f3n en una segunda instancia\u00bb,<br>dijo.<\/p>\n\n\n\n<p>VALPARAISO.- En tanto, el presidente de la Comisi\u00f3n de Salud<br>del Senado, Iv\u00e1n Flores, dijo que el pr\u00f3ximo lunes se<br>realizar\u00e1 una sesi\u00f3n especial para tratar la situaci\u00f3n, junto<br>a las autoridades de salud, e idealmente, tambi\u00e9n los<br>representantes de las aseguradoras privadas. \u00abNo queremos un<br>patinazo en lo que se est\u00e1 planeando como mejora de los<br>sistemas de atenci\u00f3n de salud, y mucho menos de lo que<br>significa el fortalecimiento de Fonasa que todos queremos\u00bb,<br>subray\u00f3.<\/p>\n\n\n\n<p>SANTIAGO.- Un nuevo informe de Contralor\u00eda General de la<br>Rep\u00fablica CGR, revel\u00f3 que el monto del gasto municipal<br>respecto del pago de licencias m\u00e9dicas aument\u00f3 un 321 por<br>ciento en 10 a\u00f1os, pasando de 92 mil millones de pesos en<br>2015 a 388 mil millones de pesos el 2024. La informaci\u00f3n,<br>est\u00e1contenida en el duod\u00e9cimo Consolidado de Informaci\u00f3n<br>Circularizada.<\/p>\n\n\n\n<p>SANTIAGO.- En medio de los cuestionamientos de la oposici\u00f3n y<br>parte del oficialismo, el gobierno reforz\u00f3 que la<br>participaci\u00f3n del Presidente Gabriel Boric en la pr\u00f3xima<br>Cumbre del Brics ser\u00e1 limitada. Los resquemores por la<br>participaci\u00f3n de Chile en la cita internacional en R\u00edo de<br>Janeiro ente el 6 y 7, surgen a partir de que se trata del<br>grupo geopol\u00edtico que re\u00fane a distintas econom\u00edas emergentes<br>y representantes de Rusia e Ir\u00e1n.<\/p>\n\n\n\n<p>SANTIAGO.- Por lo mismo se ha planteado la inconveniencia de<br>que Chile se apegue a ese bloque de pa\u00edses cuando sube la<br>escalada de violencia en Medio Oriente. Bajo ese escenario,<br>la ministra secretaria general de Gobierno subrogante, Ais\u00e9n<br>Etcheverry, puso \u00e9nfasis en que la asistencia del Mandatario<br>es en calidad de invitado, lo que lo posiciona solo como un<br>\u00abobservador\u00bb del foro.<\/p>\n\n\n\n<p>SANTIAGO.- Etcheverry observ\u00f3 que \u00abes una reuni\u00f3n que es<br>importante para nuestro pa\u00eds, que permite avanzar en materias<br>comerciales y a la que asistimos, insisto, en calidad de<br>invitado- No a prop\u00f3sito de las discusiones pol\u00edticas y eso<br>es algo que por cierto beneficia al pa\u00eds\u00bb, realz\u00f3 la<br>secretaria de Estado.<\/p>\n","protected":false},"excerpt":{"rendered":"<p>SANTIAGO.- La ministra de Ciencias y vocera subrogante deGobierno, Ais\u00e9n Etcheverry, se refiri\u00f3 el rev\u00e9s sufri\u00f3 porFonasa, luego que se declararla desierta la licitaci\u00f3n paracrear la nueva Modalidad de Cobertura&#8230; <a class=\"read-more\" href=\"https:\/\/www.radiopresidenteibanez.cl\/web\/boletin-informativo-orbe-41\/\">Leer m\u00e1s<\/a><\/p>\n","protected":false},"author":2,"featured_media":57152,"comment_status":"closed","ping_status":"closed","sticky":false,"template":"","format":"standard","meta":{"footnotes":""},"categories":[1],"tags":[],"class_list":["post-57182","post","type-post","status-publish","format-standard","has-post-thumbnail","hentry","category-cronica"],"_links":{"self":[{"href":"https:\/\/www.radiopresidenteibanez.cl\/web\/wp-json\/wp\/v2\/posts\/57182","targetHints":{"allow":["GET"]}}],"collection":[{"href":"https:\/\/www.radiopresidenteibanez.cl\/web\/wp-json\/wp\/v2\/posts"}],"about":[{"href":"https:\/\/www.radiopresidenteibanez.cl\/web\/wp-json\/wp\/v2\/types\/post"}],"author":[{"embeddable":true,"href":"https:\/\/www.radiopresidenteibanez.cl\/web\/wp-json\/wp\/v2\/users\/2"}],"replies":[{"embeddable":true,"href":"https:\/\/www.radiopresidenteibanez.cl\/web\/wp-json\/wp\/v2\/comments?post=57182"}],"version-history":[{"count":0,"href":"https:\/\/www.radiopresidenteibanez.cl\/web\/wp-json\/wp\/v2\/posts\/57182\/revisions"}],"wp:featuredmedia":[{"embeddable":true,"href":"https:\/\/www.radiopresidenteibanez.cl\/web\/wp-json\/wp\/v2\/media\/57152"}],"wp:attachment":[{"href":"https:\/\/www.radiopresidenteibanez.cl\/web\/wp-json\/wp\/v2\/media?parent=57182"}],"wp:term":[{"taxonomy":"category","embeddable":true,"href":"https:\/\/www.radiopresidenteibanez.cl\/web\/wp-json\/wp\/v2\/categories?post=57182"},{"taxonomy":"post_tag","embeddable":true,"href":"https:\/\/www.radiopresidenteibanez.cl\/web\/wp-json\/wp\/v2\/tags?post=57182"}],"curies":[{"name":"wp","href":"https:\/\/api.w.org\/{rel}","templated":true}]}}