{"id":57176,"date":"2025-06-24T18:03:00","date_gmt":"2025-06-24T21:03:00","guid":{"rendered":"https:\/\/www.radiopresidenteibanez.cl\/web\/?p=57176"},"modified":"2025-06-24T15:07:34","modified_gmt":"2025-06-24T18:07:34","slug":"hospital-de-natales-con-fundacion-artes-de-la-patagonia-firman-convenio-para-acercar-la-musica-a-la-comunidad","status":"publish","type":"post","link":"https:\/\/www.radiopresidenteibanez.cl\/web\/hospital-de-natales-con-fundacion-artes-de-la-patagonia-firman-convenio-para-acercar-la-musica-a-la-comunidad\/","title":{"rendered":"Hospital de Natales con Fundaci\u00f3n Artes de la Patagonia firman convenio para acercar la m\u00fasica a la comunidad"},"content":{"rendered":"\n<p><strong>El pasado jueves 19 de junio, el Hospital Dr. Augusto Essmann Burgos y la Fundaci\u00f3n Artes de la Patagonia Austral firmaron un importante convenio de colaboraci\u00f3n que busca promover el bienestar y la salud mental a trav\u00e9s del arte, acercando la m\u00fasica y la cultura a la comunidad natalina.<\/strong><\/p>\n\n\n\n<p><strong>Esta alianza, permitir\u00e1 implementar diversas actividades en el hospital, como clases de orquesta para ni\u00f1os y j\u00f3venes durante las tardes, conciertos en salas de espera, talleres de musicoterapia y conciertos gratuitos para la comunidad.<\/strong><\/p>\n\n\n\n<p><strong>Ignacio Morales, presidente de la Fundaci\u00f3n, agradeci\u00f3 esta iniciativa por la cultura y salud que conlleva. \u201cLos alumnos tendr\u00e1n un espacio id\u00f3neo para realizar las clases y generar un impacto positivo en nuestros ni\u00f1os, haciendo tambi\u00e9n, que el hospital no sea un lugar de sufrimiento, sino que uno de aprendizaje, cultura y bienestar generalizado. Adem\u00e1s, este convenio nos ayuda a ampliar la oferta de lugares donde presenciar la m\u00fasica\u201d, destac\u00f3 el m\u00fasico.<\/strong><\/p>\n\n\n\n<p><strong>Por su parte, el director del Hospital, Ignacio Quiroz, se\u00f1al\u00f3 que \u201ceste convenio refleja nuestro compromiso con una atenci\u00f3n integral, donde el arte y la cultura tambi\u00e9n son herramientas para sanar\u201d.<\/strong><\/p>\n\n\n\n<p><strong>A trav\u00e9s de este convenio, el hospital se transforma en un espacio no solo de atenci\u00f3n en salud, sino tambi\u00e9n de encuentro, aprendizaje y contenci\u00f3n emocional.<\/strong><\/p>\n","protected":false},"excerpt":{"rendered":"<p>El pasado jueves 19 de junio, el Hospital Dr. Augusto Essmann Burgos y la Fundaci\u00f3n Artes de la Patagonia Austral firmaron un importante convenio de colaboraci\u00f3n que busca promover el&#8230; <a class=\"read-more\" href=\"https:\/\/www.radiopresidenteibanez.cl\/web\/hospital-de-natales-con-fundacion-artes-de-la-patagonia-firman-convenio-para-acercar-la-musica-a-la-comunidad\/\">Leer m\u00e1s<\/a><\/p>\n","protected":false},"author":2,"featured_media":57177,"comment_status":"closed","ping_status":"closed","sticky":false,"template":"","format":"standard","meta":{"footnotes":""},"categories":[1],"tags":[],"class_list":["post-57176","post","type-post","status-publish","format-standard","has-post-thumbnail","hentry","category-cronica"],"_links":{"self":[{"href":"https:\/\/www.radiopresidenteibanez.cl\/web\/wp-json\/wp\/v2\/posts\/57176","targetHints":{"allow":["GET"]}}],"collection":[{"href":"https:\/\/www.radiopresidenteibanez.cl\/web\/wp-json\/wp\/v2\/posts"}],"about":[{"href":"https:\/\/www.radiopresidenteibanez.cl\/web\/wp-json\/wp\/v2\/types\/post"}],"author":[{"embeddable":true,"href":"https:\/\/www.radiopresidenteibanez.cl\/web\/wp-json\/wp\/v2\/users\/2"}],"replies":[{"embeddable":true,"href":"https:\/\/www.radiopresidenteibanez.cl\/web\/wp-json\/wp\/v2\/comments?post=57176"}],"version-history":[{"count":0,"href":"https:\/\/www.radiopresidenteibanez.cl\/web\/wp-json\/wp\/v2\/posts\/57176\/revisions"}],"wp:featuredmedia":[{"embeddable":true,"href":"https:\/\/www.radiopresidenteibanez.cl\/web\/wp-json\/wp\/v2\/media\/57177"}],"wp:attachment":[{"href":"https:\/\/www.radiopresidenteibanez.cl\/web\/wp-json\/wp\/v2\/media?parent=57176"}],"wp:term":[{"taxonomy":"category","embeddable":true,"href":"https:\/\/www.radiopresidenteibanez.cl\/web\/wp-json\/wp\/v2\/categories?post=57176"},{"taxonomy":"post_tag","embeddable":true,"href":"https:\/\/www.radiopresidenteibanez.cl\/web\/wp-json\/wp\/v2\/tags?post=57176"}],"curies":[{"name":"wp","href":"https:\/\/api.w.org\/{rel}","templated":true}]}}