{"id":57173,"date":"2025-06-24T16:51:00","date_gmt":"2025-06-24T19:51:00","guid":{"rendered":"https:\/\/www.radiopresidenteibanez.cl\/web\/?p=57173"},"modified":"2025-06-24T14:55:07","modified_gmt":"2025-06-24T17:55:07","slug":"senda-fortalece-la-prevencion-del-consumo-de-alcohol-y-otras-drogas-en-magallanes-con-capacitacion-a-equipos-de-natales-porvenir-y-punta-arenas","status":"publish","type":"post","link":"https:\/\/www.radiopresidenteibanez.cl\/web\/senda-fortalece-la-prevencion-del-consumo-de-alcohol-y-otras-drogas-en-magallanes-con-capacitacion-a-equipos-de-natales-porvenir-y-punta-arenas\/","title":{"rendered":"SENDA fortalece la prevenci\u00f3n del consumo de alcohol y otras drogas en Magallanes con capacitaci\u00f3n a equipos de Natales, Porvenir y Punta Arenas"},"content":{"rendered":"\n<p>En el marco del Mes de la Prevenci\u00f3n, el Servicio Nacional para la Prevenci\u00f3n y Rehabilitaci\u00f3n del<br>Consumo de Drogas y Alcohol (SENDA) desarroll\u00f3 una significativa jornada de capacitaci\u00f3n dirigida<br>a los equipos SENDA Previene de Natales, Porvenir y Punta Arenas, con el prop\u00f3sito de robustecer<br>sus capacidades t\u00e9cnicas y entregar herramientas actualizadas para el trabajo preventivo en las<br>comunidades.<br>La capacitaci\u00f3n fue liderada por el equipo regional de prevenci\u00f3n de SENDA Magallanes, con las<br>relator\u00edas de Katarina Matulic y Pilar Fuentes, junto al asesor nacional de la instituci\u00f3n, Felipe<br>Ledesma. La jornada abord\u00f3 contenidos clave para el fortalecimiento del quehacer preventivo,<br>tales como la entrevista motivacional, el modelo transte\u00f3rico del cambio y herramientas para<br>mejorar las pr\u00e1cticas basadas en evidencia de forma sostenible.<br>Asimismo, se profundiz\u00f3 en el modelo psicoeducativo aplicado a la prevenci\u00f3n, desde una<br>perspectiva que considera los esquemas vinculares, las operaciones profesionales y el v\u00ednculo<br>directo con la comunidad. Se abord\u00f3 tambi\u00e9n la contextualizaci\u00f3n territorial, reconociendo la<br>diversidad geogr\u00e1fica de la regi\u00f3n de Magallanes y sus implicancias en el despliegue de la oferta<br>preventiva.<br>Prevenci\u00f3n con presencia territorial, educativa y laboral<br>Los equipos SENDA Previene desarrollan un trabajo constante y comprometido en diversas<br>dimensiones de la vida comunitaria. Uno de los ejes fundamentales es la prevenci\u00f3n en<br>establecimientos educacionales, donde se promueven entornos escolares protectores, el<br>desarrollo de habilidades socioemocionales en ni\u00f1os, ni\u00f1as y adolescentes, y la articulaci\u00f3n con<br>docentes, directivos y familias para el abordaje integral de esta materia.<br>Paralelamente, se despliegan acciones preventivas en el \u00e1mbito laboral, fomentando espacios de<br>trabajo saludables, la implementaci\u00f3n de pol\u00edticas preventivas en las organizaciones p\u00fablicas y<br>privadas, la promoci\u00f3n del autocuidado y el acompa\u00f1amiento a trabajadores y trabajadoras en<br>situaciones de riesgo.<br>El director regional (s) de SENDA Magallanes, \u00c1lvaro D\u00edaz Roa, destac\u00f3 la importancia de esta<br>jornada:<br>\u201cLa prevenci\u00f3n es uno de los pilares m\u00e1s importantes para enfrentar el consumo de alcohol y otras<br>drogas. Requiere conocimiento, compromiso y articulaci\u00f3n. Valoramos el trabajo sostenido que<br>realizan los municipios de Natales y Porvenir con sus programas SENDA Previene, as\u00ed como el de la<\/p>\n\n\n\n<p>Delegaci\u00f3n Presidencial Regional en Punta Arenas, que ha asumido la ejecuci\u00f3n de este programa.<br>El fortalecimiento de los equipos es clave para llegar de mejor manera a los territorios, a las<br>escuelas y a los espacios laborales, donde se construyen las bases de una comunidad sana y<br>consciente\u201d.<\/p>\n\n\n\n<p>Una prevenci\u00f3n que transforma<br>SENDA apuesta por una prevenci\u00f3n con enfoque psicosocial, comunitario e intersectorial. Por ello,<br>estas instancias de formaci\u00f3n no solo entregan herramientas t\u00e9cnicas, sino que refuerzan el<br>sentido de misi\u00f3n p\u00fablica y de servicio que gu\u00eda el trabajo diario de los equipos en todo el<br>territorio.<br>El compromiso del servicio es seguir consolidando una red de profesionales con preparaci\u00f3n para<br>intervenir tempranamente, detectar factores de riesgo, es decir todo aquello que puede favorecer<br>o acercar el consumo, y as\u00ed tambi\u00e9n promover y fortalecer factores protectores, que se traducen<br>en las acciones que alejan a las personas del consumo.<br>En el despliegue de la oferta program\u00e1tica de SENDA, se busca generar v\u00ednculos de confianza con<br>las comunidades. Porque prevenir no solo es anticiparse, sino tambi\u00e9n construir bienestar<br>colectivo, oportunidades y trayectorias de vida m\u00e1s saludables para todas y todos.<\/p>\n","protected":false},"excerpt":{"rendered":"<p>En el marco del Mes de la Prevenci\u00f3n, el Servicio Nacional para la Prevenci\u00f3n y Rehabilitaci\u00f3n delConsumo de Drogas y Alcohol (SENDA) desarroll\u00f3 una significativa jornada de capacitaci\u00f3n dirigidaa los&#8230; <a class=\"read-more\" href=\"https:\/\/www.radiopresidenteibanez.cl\/web\/senda-fortalece-la-prevencion-del-consumo-de-alcohol-y-otras-drogas-en-magallanes-con-capacitacion-a-equipos-de-natales-porvenir-y-punta-arenas\/\">Leer m\u00e1s<\/a><\/p>\n","protected":false},"author":2,"featured_media":57174,"comment_status":"closed","ping_status":"closed","sticky":false,"template":"","format":"standard","meta":{"footnotes":""},"categories":[1],"tags":[],"class_list":["post-57173","post","type-post","status-publish","format-standard","has-post-thumbnail","hentry","category-cronica"],"_links":{"self":[{"href":"https:\/\/www.radiopresidenteibanez.cl\/web\/wp-json\/wp\/v2\/posts\/57173","targetHints":{"allow":["GET"]}}],"collection":[{"href":"https:\/\/www.radiopresidenteibanez.cl\/web\/wp-json\/wp\/v2\/posts"}],"about":[{"href":"https:\/\/www.radiopresidenteibanez.cl\/web\/wp-json\/wp\/v2\/types\/post"}],"author":[{"embeddable":true,"href":"https:\/\/www.radiopresidenteibanez.cl\/web\/wp-json\/wp\/v2\/users\/2"}],"replies":[{"embeddable":true,"href":"https:\/\/www.radiopresidenteibanez.cl\/web\/wp-json\/wp\/v2\/comments?post=57173"}],"version-history":[{"count":0,"href":"https:\/\/www.radiopresidenteibanez.cl\/web\/wp-json\/wp\/v2\/posts\/57173\/revisions"}],"wp:featuredmedia":[{"embeddable":true,"href":"https:\/\/www.radiopresidenteibanez.cl\/web\/wp-json\/wp\/v2\/media\/57174"}],"wp:attachment":[{"href":"https:\/\/www.radiopresidenteibanez.cl\/web\/wp-json\/wp\/v2\/media?parent=57173"}],"wp:term":[{"taxonomy":"category","embeddable":true,"href":"https:\/\/www.radiopresidenteibanez.cl\/web\/wp-json\/wp\/v2\/categories?post=57173"},{"taxonomy":"post_tag","embeddable":true,"href":"https:\/\/www.radiopresidenteibanez.cl\/web\/wp-json\/wp\/v2\/tags?post=57173"}],"curies":[{"name":"wp","href":"https:\/\/api.w.org\/{rel}","templated":true}]}}