{"id":57170,"date":"2025-06-24T15:17:00","date_gmt":"2025-06-24T18:17:00","guid":{"rendered":"https:\/\/www.radiopresidenteibanez.cl\/web\/?p=57170"},"modified":"2025-06-24T12:02:22","modified_gmt":"2025-06-24T15:02:22","slug":"magallanes-marca-un-solido-crecimiento-economico-regional-en-el-primer-trimestre-de-2025","status":"publish","type":"post","link":"https:\/\/www.radiopresidenteibanez.cl\/web\/magallanes-marca-un-solido-crecimiento-economico-regional-en-el-primer-trimestre-de-2025\/","title":{"rendered":"Magallanes marca un s\u00f3lido crecimiento econ\u00f3mico regional en el primer trimestre de 2025"},"content":{"rendered":"\n<p>La regi\u00f3n de Magallanes registr\u00f3 un crecimiento de 6,1% en su<br>Producto Interno Bruto Regional (PIBR) durante el primer trimestre de<br>2025 en comparaci\u00f3n con el mismo periodo del a\u00f1o anterior,<br>ubic\u00e1ndose entre las regiones con mayor expansi\u00f3n del pa\u00eds.<br>\u201cYa esper\u00e1bamos cifras positivas en el PIB para este trimestre. Los<br>datos entregados por Aduanas sobre exportaciones y los registros de<br>desembarques pesqueros publicados por el INE nos ven\u00edan mostrando<br>se\u00f1ales alentadoras\u201d, destac\u00f3 la Seremi de Econom\u00eda, Fomento y<br>Turismo, Marlene Espa\u00f1a. El principal impulso provino del aumento en<br>las exportaciones de productos qu\u00edmicos, particularmente metanol. De<br>hecho, solo en este primer trimestre se exportaron m\u00e1s de 215<br>toneladas adicionales respecto al mismo periodo de 2024.<br>A ello se suma el repunte de la industria acu\u00edcola, que tambi\u00e9n aport\u00f3<br>positivamente al crecimiento. Seg\u00fan cifras del INE, los desembarques<br>ligados a la salmonicultura aumentaron en un 44% respecto al a\u00f1o<br>anterior.<br>Por su parte, el Seremi de Hacienda, \u00c1lvaro Vargas, subray\u00f3 que \u201cel<br>PIB regional de Magallanes nuevamente es uno de los m\u00e1s altos del<br>pa\u00eds. Crecer un 6,1% en una base de comparaci\u00f3n que ya era alta son<br>buenas noticias para el crecimiento que se va a ver reflejado en la<br>productividad, en el empleo y en seguir creciendo como regi\u00f3n\u201d.<br>Estas cifras reflejan el dinamismo y resiliencia de la econom\u00eda<br>regional, que contin\u00faa consolidando su rol estrat\u00e9gico en el desarrollo<br>productivo del pa\u00eds, con una matriz econ\u00f3mica diversificada y en<br>expansi\u00f3n.<\/p>\n","protected":false},"excerpt":{"rendered":"<p>La regi\u00f3n de Magallanes registr\u00f3 un crecimiento de 6,1% en suProducto Interno Bruto Regional (PIBR) durante el primer trimestre de2025 en comparaci\u00f3n con el mismo periodo del a\u00f1o anterior,ubic\u00e1ndose entre&#8230; <a class=\"read-more\" href=\"https:\/\/www.radiopresidenteibanez.cl\/web\/magallanes-marca-un-solido-crecimiento-economico-regional-en-el-primer-trimestre-de-2025\/\">Leer m\u00e1s<\/a><\/p>\n","protected":false},"author":2,"featured_media":57171,"comment_status":"closed","ping_status":"closed","sticky":false,"template":"","format":"standard","meta":{"footnotes":""},"categories":[1],"tags":[],"class_list":["post-57170","post","type-post","status-publish","format-standard","has-post-thumbnail","hentry","category-cronica"],"_links":{"self":[{"href":"https:\/\/www.radiopresidenteibanez.cl\/web\/wp-json\/wp\/v2\/posts\/57170","targetHints":{"allow":["GET"]}}],"collection":[{"href":"https:\/\/www.radiopresidenteibanez.cl\/web\/wp-json\/wp\/v2\/posts"}],"about":[{"href":"https:\/\/www.radiopresidenteibanez.cl\/web\/wp-json\/wp\/v2\/types\/post"}],"author":[{"embeddable":true,"href":"https:\/\/www.radiopresidenteibanez.cl\/web\/wp-json\/wp\/v2\/users\/2"}],"replies":[{"embeddable":true,"href":"https:\/\/www.radiopresidenteibanez.cl\/web\/wp-json\/wp\/v2\/comments?post=57170"}],"version-history":[{"count":0,"href":"https:\/\/www.radiopresidenteibanez.cl\/web\/wp-json\/wp\/v2\/posts\/57170\/revisions"}],"wp:featuredmedia":[{"embeddable":true,"href":"https:\/\/www.radiopresidenteibanez.cl\/web\/wp-json\/wp\/v2\/media\/57171"}],"wp:attachment":[{"href":"https:\/\/www.radiopresidenteibanez.cl\/web\/wp-json\/wp\/v2\/media?parent=57170"}],"wp:term":[{"taxonomy":"category","embeddable":true,"href":"https:\/\/www.radiopresidenteibanez.cl\/web\/wp-json\/wp\/v2\/categories?post=57170"},{"taxonomy":"post_tag","embeddable":true,"href":"https:\/\/www.radiopresidenteibanez.cl\/web\/wp-json\/wp\/v2\/tags?post=57170"}],"curies":[{"name":"wp","href":"https:\/\/api.w.org\/{rel}","templated":true}]}}