{"id":57166,"date":"2025-06-24T11:48:12","date_gmt":"2025-06-24T14:48:12","guid":{"rendered":"https:\/\/www.radiopresidenteibanez.cl\/web\/?p=57166"},"modified":"2025-06-24T11:50:24","modified_gmt":"2025-06-24T14:50:24","slug":"onomastica-el-nombre-del-dia-juan","status":"publish","type":"post","link":"https:\/\/www.radiopresidenteibanez.cl\/web\/onomastica-el-nombre-del-dia-juan\/","title":{"rendered":"ONOM\u00c1STICA\u00a0EL NOMBRE DEL DIA\u00a0JUAN"},"content":{"rendered":"\n<p>Procede del hebreo&nbsp;<em>Yo-hasnam<\/em>, con el significado de \u00abDios es misericordioso\u00bb. Otra etimolog\u00eda muy cercana es la de&nbsp;<em>Jo-hanan&nbsp;<\/em>o&nbsp;<em>Jo-hannes,&nbsp;<\/em>que significa \u00abDios est\u00e1 a mi favor\u00bb. Empezando por san Juan Bautista, la personalidad de los santos y otros hombres insignes que han llevado este nombre, es inconmensurable. Es uno de los nombres m\u00e1s grandes de la cristiandad y uno de los m\u00e1s frecuentes. En efecto, ciento veinte santos , decenas de reyes y pr\u00edncipes y papas; de artistas, literatos, cient\u00edficos&#8230; dan fe de que la grandeza de este nombre nunca ha conocido barreras.<\/p>\n\n\n\n<p><strong>San Juan&nbsp;<\/strong><strong>Bautista<\/strong>&nbsp;es el pr\u00edncipe del santoral cristiano:es el \u00fanico santo del que se celebra el nacimiento y no la muerte, y su fiesta, el 24 de junio, es una fiesta solar, de luz y de fuego, decantaci\u00f3n de los m\u00e1s antiguos ritos de la humanidad en la m\u00e1s grande de todas las fiestas. Mientras Jes\u00fas ocupa el solsticio de invierno (la Iglesia opt\u00f3 por cambiar su titular, al ver que era imposible suprimir estas fiestas), san Juan toma posesi\u00f3n del solsticio de verano porque fue imposible erradicar las ancestrales celebraciones solares.<br>&nbsp;<\/p>\n\n\n\n<p>Y fue precisamente el hecho de la vinculaci\u00f3n de su nombre a las fiestas m\u00e1s esplendorosas y m\u00e1s vitalistas, lo que elev\u00f3 su prestigio hasta l\u00edmites que s\u00f3lo milenios de historia pueden explicar. Pero no es gratuita la coincidencia entre el ancestral culto solar y San Juan Bautista. El personaje es de una gran talla: es un Sol menor que abre camino al gran Sol que es Cristo, con una firmeza que hace temblar al mismo rey Herodes. Ten\u00eda el Bautista una misi\u00f3n, y nada le acobard\u00f3. Preparaba los caminos del Se\u00f1or.<\/p>\n\n\n\n<p>Era La Voz que clamaba en el desierto. No se callaba cuando no se debe callar: cuando ve\u00eda los abusos del poder, no giraba la cabeza, aunque no le afectasen directamente; por eso acab\u00f3 su cabeza servida en la bandeja de Salom\u00e9. Una cabeza que el mismo Herodes valor\u00f3 en la mitad de su reino. San Juan Bautista abri\u00f3 de par en par las puertas del cielo a los Juanes, que tras \u00e9l entraron en legi\u00f3n: san Juan Evangelista, el disc\u00edpulo predilecto de Jes\u00fas; san Juan Cris\u00f3stomo, uno de los m\u00e1s grandes oradores de todos los tiempos; san Juan Bautista de la Salle, fundador de las Escuelas Cristianas; san Juan de la Cruz, el poeta que diviniz\u00f3 el amor humano y humaniz\u00f3 el amor divino; san Juan I papa, iniciador de la serie de grandes papas que lleg\u00f3 hasta el human\u00edsimo Juan XXIII; san Juan de Dios, fundador de los Hermanos Hospitalarios, y as\u00ed hasta ciento veinte santos. Y a su lado, engrandeciendo a\u00fan m\u00e1s tan gran nombre, infinidad de hombres de toda \u00e9poca y condici\u00f3n, que han amado y aman este nombre con todo lo que representa, orgullosos de compartir onom\u00e1stica con todos ellos.&nbsp;<\/p>\n\n\n\n<p>El nombre de Juan tiene un encanto y una virtud invencibles. Se impone con la fuerza positiva del mismo Sol, con la viveza del fuego, con la fecundidad de la verbena. \u00ab<em>Entre los nacidos de mujer, nadie m\u00e1s grande que Juan el Bautista\u00bb<\/em>&nbsp;.<em>&nbsp;<\/em>El gran n\u00famero de Juanes inmensos que han poblado la historia y han calado hasta el fondo de nuestros corazones, garantiza para siempre la excelencia de un nombre que podr\u00e1 extenderse m\u00e1s, pero no enaltecerse m\u00e1s.<\/p>\n\n\n\n<p><strong>\u00a1Felicidades, Juanito!<\/strong><\/p>\n","protected":false},"excerpt":{"rendered":"<p>Procede del hebreo&nbsp;Yo-hasnam, con el significado de \u00abDios es misericordioso\u00bb. Otra etimolog\u00eda muy cercana es la de&nbsp;Jo-hanan&nbsp;o&nbsp;Jo-hannes,&nbsp;que significa \u00abDios est\u00e1 a mi favor\u00bb. Empezando por san Juan Bautista, la personalidad&#8230; <a class=\"read-more\" href=\"https:\/\/www.radiopresidenteibanez.cl\/web\/onomastica-el-nombre-del-dia-juan\/\">Leer m\u00e1s<\/a><\/p>\n","protected":false},"author":2,"featured_media":57167,"comment_status":"closed","ping_status":"closed","sticky":false,"template":"","format":"standard","meta":{"footnotes":""},"categories":[1],"tags":[],"class_list":["post-57166","post","type-post","status-publish","format-standard","has-post-thumbnail","hentry","category-cronica"],"_links":{"self":[{"href":"https:\/\/www.radiopresidenteibanez.cl\/web\/wp-json\/wp\/v2\/posts\/57166","targetHints":{"allow":["GET"]}}],"collection":[{"href":"https:\/\/www.radiopresidenteibanez.cl\/web\/wp-json\/wp\/v2\/posts"}],"about":[{"href":"https:\/\/www.radiopresidenteibanez.cl\/web\/wp-json\/wp\/v2\/types\/post"}],"author":[{"embeddable":true,"href":"https:\/\/www.radiopresidenteibanez.cl\/web\/wp-json\/wp\/v2\/users\/2"}],"replies":[{"embeddable":true,"href":"https:\/\/www.radiopresidenteibanez.cl\/web\/wp-json\/wp\/v2\/comments?post=57166"}],"version-history":[{"count":0,"href":"https:\/\/www.radiopresidenteibanez.cl\/web\/wp-json\/wp\/v2\/posts\/57166\/revisions"}],"wp:featuredmedia":[{"embeddable":true,"href":"https:\/\/www.radiopresidenteibanez.cl\/web\/wp-json\/wp\/v2\/media\/57167"}],"wp:attachment":[{"href":"https:\/\/www.radiopresidenteibanez.cl\/web\/wp-json\/wp\/v2\/media?parent=57166"}],"wp:term":[{"taxonomy":"category","embeddable":true,"href":"https:\/\/www.radiopresidenteibanez.cl\/web\/wp-json\/wp\/v2\/categories?post=57166"},{"taxonomy":"post_tag","embeddable":true,"href":"https:\/\/www.radiopresidenteibanez.cl\/web\/wp-json\/wp\/v2\/tags?post=57166"}],"curies":[{"name":"wp","href":"https:\/\/api.w.org\/{rel}","templated":true}]}}