{"id":57163,"date":"2025-06-24T13:09:00","date_gmt":"2025-06-24T16:09:00","guid":{"rendered":"https:\/\/www.radiopresidenteibanez.cl\/web\/?p=57163"},"modified":"2025-06-24T11:12:33","modified_gmt":"2025-06-24T14:12:33","slug":"porvenir-celebra-el-legado-de-los-pueblos-originarios-con-jornada-cultural-y-educativa","status":"publish","type":"post","link":"https:\/\/www.radiopresidenteibanez.cl\/web\/porvenir-celebra-el-legado-de-los-pueblos-originarios-con-jornada-cultural-y-educativa\/","title":{"rendered":"Porvenir celebra el legado de los pueblos originarios con jornada cultural y educativa"},"content":{"rendered":"\n<p>En el marco de la conmemoraci\u00f3n del D\u00eda de los Pueblos Originarios, el pasado 21 de junio se<br>realiz\u00f3 una destacada actividad organizada por \u201cGobierno en Terreno\u201d en conjunto con la<br>Fundaci\u00f3n Hash Saye, la cual fue recibida con gran entusiasmo por la comunidad.<br>La jornada incluy\u00f3 una enriquecedora charla en el Centro de Formaci\u00f3n T\u00e9cnica (CFT) de la<br>comuna de Porvenir, seguida de un recorrido por las dependencias del Museo Municipal de la<br>misma comuna. Ambas instancias tuvieron como prop\u00f3sito central visibilizar y rendir homenaje al<br>legado cultural de los pueblos originarios, promoviendo el respeto y la valoraci\u00f3n de su historia<br>viva.<br>La actividad congreg\u00f3 a cerca de 70 personas, quienes expresaron su reconocimiento por la<br>instancia generada y valoraron el esfuerzo conjunto para fortalecer el di\u00e1logo intercultural en el<br>territorio.<br>El delegado presidencial provincial de Tierra del Fuego, don Jos\u00e9 Campos Prieto, a trav\u00e9s de un<br>mensaje, valor\u00f3 la realizaci\u00f3n de esta iniciativa y destac\u00f3 la importancia de continuar generando<br>espacios que reconozcan la historia, sabidur\u00eda y vigencia de los pueblos originarios en nuestra<br>sociedad.<br>Este tipo de acciones reafirman el compromiso de las instituciones participantes con el<br>reconocimiento, la dignidad y la promoci\u00f3n activa de los pueblos originarios como pilares<br>fundamentales de nuestra identidad nacional.<\/p>\n","protected":false},"excerpt":{"rendered":"<p>En el marco de la conmemoraci\u00f3n del D\u00eda de los Pueblos Originarios, el pasado 21 de junio serealiz\u00f3 una destacada actividad organizada por \u201cGobierno en Terreno\u201d en conjunto con laFundaci\u00f3n&#8230; <a class=\"read-more\" href=\"https:\/\/www.radiopresidenteibanez.cl\/web\/porvenir-celebra-el-legado-de-los-pueblos-originarios-con-jornada-cultural-y-educativa\/\">Leer m\u00e1s<\/a><\/p>\n","protected":false},"author":2,"featured_media":57164,"comment_status":"closed","ping_status":"closed","sticky":false,"template":"","format":"standard","meta":{"footnotes":""},"categories":[1],"tags":[],"class_list":["post-57163","post","type-post","status-publish","format-standard","has-post-thumbnail","hentry","category-cronica"],"_links":{"self":[{"href":"https:\/\/www.radiopresidenteibanez.cl\/web\/wp-json\/wp\/v2\/posts\/57163","targetHints":{"allow":["GET"]}}],"collection":[{"href":"https:\/\/www.radiopresidenteibanez.cl\/web\/wp-json\/wp\/v2\/posts"}],"about":[{"href":"https:\/\/www.radiopresidenteibanez.cl\/web\/wp-json\/wp\/v2\/types\/post"}],"author":[{"embeddable":true,"href":"https:\/\/www.radiopresidenteibanez.cl\/web\/wp-json\/wp\/v2\/users\/2"}],"replies":[{"embeddable":true,"href":"https:\/\/www.radiopresidenteibanez.cl\/web\/wp-json\/wp\/v2\/comments?post=57163"}],"version-history":[{"count":0,"href":"https:\/\/www.radiopresidenteibanez.cl\/web\/wp-json\/wp\/v2\/posts\/57163\/revisions"}],"wp:featuredmedia":[{"embeddable":true,"href":"https:\/\/www.radiopresidenteibanez.cl\/web\/wp-json\/wp\/v2\/media\/57164"}],"wp:attachment":[{"href":"https:\/\/www.radiopresidenteibanez.cl\/web\/wp-json\/wp\/v2\/media?parent=57163"}],"wp:term":[{"taxonomy":"category","embeddable":true,"href":"https:\/\/www.radiopresidenteibanez.cl\/web\/wp-json\/wp\/v2\/categories?post=57163"},{"taxonomy":"post_tag","embeddable":true,"href":"https:\/\/www.radiopresidenteibanez.cl\/web\/wp-json\/wp\/v2\/tags?post=57163"}],"curies":[{"name":"wp","href":"https:\/\/api.w.org\/{rel}","templated":true}]}}