{"id":57160,"date":"2025-06-24T11:56:00","date_gmt":"2025-06-24T14:56:00","guid":{"rendered":"https:\/\/www.radiopresidenteibanez.cl\/web\/?p=57160"},"modified":"2025-06-24T10:44:43","modified_gmt":"2025-06-24T13:44:43","slug":"dga-magallanes-y-municipalidad-de-laguna-blanca-invitan-a-jornada-de-acompanamiento-sobre-inscripcion-y-registro-de-derechos-de-aprovechamiento-de-aguas-2","status":"publish","type":"post","link":"https:\/\/www.radiopresidenteibanez.cl\/web\/dga-magallanes-y-municipalidad-de-laguna-blanca-invitan-a-jornada-de-acompanamiento-sobre-inscripcion-y-registro-de-derechos-de-aprovechamiento-de-aguas-2\/","title":{"rendered":"DGA Magallanes y Municipalidad de Laguna Blanca invitan a jornada de acompa\u00f1amiento sobre inscripci\u00f3n y registro de derechos de aprovechamiento de aguas"},"content":{"rendered":"\n<p>En el marco del Convenio de Cooperaci\u00f3n entre la Asociaci\u00f3n Chilena de Municipalidades y la<br>Direcci\u00f3n General de Aguas del MOP, con el objetivo de informar y orientar a la comunidad sobre<br>los tr\u00e1mites que deben realizar las y los titulares de derechos de aprovechamiento de aguas en el<br>marco de la reforma al C\u00f3digo de Aguas y plazos vigentes, es que se realizar\u00e1 una jornada de<br>acompa\u00f1amiento este 25 de junio, desde las 14:00 hasta las 16:00 horas, en la Municipalidad de<br>Laguna Blanca ubicada en Villa Tehuelches, Ruta 9 Norte KM 100 .<br>La Directora regional de Aguas del MOP Magallanes, Lorena Olivares, indic\u00f3 que junto al Alcalde de Laguna Blanca, Fernando Ojeda Gonz\u00e1lez, extendieron la invitaci\u00f3n a la comunidad para que acudan a recibir asesor\u00eda sobre los pasos a seguir, sobre c\u00f3mo inscribir el derecho de aprovechamiento de aguas en el Conservador de Bienes Ra\u00edces, registrar en el Catastro P\u00fablico de Aguas de la DGA o iniciar el tr\u00e1mite de regularizaci\u00f3n.<br>\u201cPara inscribir el derecho de aprovechamiento de aguas en el Conservador de Bienes y registrarlo<br>en la Direcci\u00f3n General de Aguas, el plazo es hasta el 6 de abril 2027; para todos los usuarios\u201d,<br>explic\u00f3 Lorena Olivares Directora Regional DGA.<br>El Seremi de Obras P\u00fablicas, Jos\u00e9 Luis Hern\u00e1ndez, junto con invitar a la comunidad a participar de<br>la actividad, dijo que la atenci\u00f3n de p\u00fablico ser\u00e1 por orden de llegada y se aconseja llevar c\u00e9dula<br>de identidad; la resoluci\u00f3n de la DGA, del Servicio Agr\u00edcola Ganadero o la sentencia judicial que<br>autoriz\u00f3 el derecho de aprovechamiento de aguas; la inscripci\u00f3n en el Conservador de Bienes<br>Ra\u00edces o registro en el Catastro P\u00fablico de Aguas si lo tuviesen para analizar el caso.<br>En cuanto al tr\u00e1mite de regularizaci\u00f3n, lo deben realizar todas las personas con derechos que no<br>est\u00e9n inscritos y que est\u00e1n siendo utilizados sin interrupci\u00f3n desde antes de octubre de 1976, sin<br>existir un proceso jur\u00eddico o administrativo que haya resuelto que hubo usurpaci\u00f3n. Tambi\u00e9n deben regularizar quienes tengan derechos de predios expropiados o adquiridos bajo la reforma agraria.<br>Una vez regularizado el derecho, \u00e9ste se podr\u00e1 inscribir en el Conservador de Bienes Ra\u00edces y as\u00ed<br>tener certeza sobre la propiedad del derecho sin riesgo de que \u00e9ste caduque.<br>La Directora Regional de Aguas precis\u00f3 que para que todas las personas puedan cumplir con los<br>plazos establecidos en la ley, es que se est\u00e1n organizando estas jornadas de acompa\u00f1amiento con<br>los distintos municipios de la regi\u00f3n de Magallanes. \u201cLa idea es difundir el tr\u00e1mite en todos los<br>rincones de la regi\u00f3n, privilegiando espacios p\u00fablicos que sean de f\u00e1cil acceso. Invitamos a la<br>comunidad a venir a la Municipalidad de Laguna Blanca y despejar sus interrogantes, as\u00ed como<br>tambi\u00e9n acercarse a la oficina de la DGA o realizar los tr\u00e1mites de forma virtual en nuestro sitio<br>web\u201d, indic\u00f3 Olivares.<br>Cabe se\u00f1alar que, si el derecho de aprovechamiento de aguas no se inscribe en el Conservador de<br>Bienes Ra\u00edces, se arriesga la caducidad del derecho. Y si \u00e9ste no es registrado en el Catastro P\u00fablico de Aguas de la DGA, \u00e9l o la titular podr\u00e1 ser objeto de una multa que var\u00eda entre los $600.000 y $130.000.000.<\/p>\n","protected":false},"excerpt":{"rendered":"<p>En el marco del Convenio de Cooperaci\u00f3n entre la Asociaci\u00f3n Chilena de Municipalidades y laDirecci\u00f3n General de Aguas del MOP, con el objetivo de informar y orientar a la comunidad&#8230; <a class=\"read-more\" href=\"https:\/\/www.radiopresidenteibanez.cl\/web\/dga-magallanes-y-municipalidad-de-laguna-blanca-invitan-a-jornada-de-acompanamiento-sobre-inscripcion-y-registro-de-derechos-de-aprovechamiento-de-aguas-2\/\">Leer m\u00e1s<\/a><\/p>\n","protected":false},"author":2,"featured_media":57161,"comment_status":"closed","ping_status":"closed","sticky":false,"template":"","format":"standard","meta":{"footnotes":""},"categories":[1],"tags":[],"class_list":["post-57160","post","type-post","status-publish","format-standard","has-post-thumbnail","hentry","category-cronica"],"_links":{"self":[{"href":"https:\/\/www.radiopresidenteibanez.cl\/web\/wp-json\/wp\/v2\/posts\/57160","targetHints":{"allow":["GET"]}}],"collection":[{"href":"https:\/\/www.radiopresidenteibanez.cl\/web\/wp-json\/wp\/v2\/posts"}],"about":[{"href":"https:\/\/www.radiopresidenteibanez.cl\/web\/wp-json\/wp\/v2\/types\/post"}],"author":[{"embeddable":true,"href":"https:\/\/www.radiopresidenteibanez.cl\/web\/wp-json\/wp\/v2\/users\/2"}],"replies":[{"embeddable":true,"href":"https:\/\/www.radiopresidenteibanez.cl\/web\/wp-json\/wp\/v2\/comments?post=57160"}],"version-history":[{"count":0,"href":"https:\/\/www.radiopresidenteibanez.cl\/web\/wp-json\/wp\/v2\/posts\/57160\/revisions"}],"wp:featuredmedia":[{"embeddable":true,"href":"https:\/\/www.radiopresidenteibanez.cl\/web\/wp-json\/wp\/v2\/media\/57161"}],"wp:attachment":[{"href":"https:\/\/www.radiopresidenteibanez.cl\/web\/wp-json\/wp\/v2\/media?parent=57160"}],"wp:term":[{"taxonomy":"category","embeddable":true,"href":"https:\/\/www.radiopresidenteibanez.cl\/web\/wp-json\/wp\/v2\/categories?post=57160"},{"taxonomy":"post_tag","embeddable":true,"href":"https:\/\/www.radiopresidenteibanez.cl\/web\/wp-json\/wp\/v2\/tags?post=57160"}],"curies":[{"name":"wp","href":"https:\/\/api.w.org\/{rel}","templated":true}]}}