{"id":57157,"date":"2025-06-24T10:49:00","date_gmt":"2025-06-24T13:49:00","guid":{"rendered":"https:\/\/www.radiopresidenteibanez.cl\/web\/?p=57157"},"modified":"2025-06-24T08:33:16","modified_gmt":"2025-06-24T11:33:16","slug":"ministerio-transporte-y-telecomunicaciones-lanza-encuesta-origen-destino-para-planificar-transporte-sustentable-en-puerto-williams","status":"publish","type":"post","link":"https:\/\/www.radiopresidenteibanez.cl\/web\/ministerio-transporte-y-telecomunicaciones-lanza-encuesta-origen-destino-para-planificar-transporte-sustentable-en-puerto-williams\/","title":{"rendered":"Ministerio Transporte y Telecomunicaciones lanza Encuesta Origen Destino para planificar transporte sustentable en Puerto Williams"},"content":{"rendered":"\n<p>Con la presencia de la delegada presidencial provincial de la Ant\u00e1rtica y el alcalde de Cabo de Hornos Patricio Fern\u00e1ndez, se dio inicio oficial a la Encuesta Origen-Destino en Puerto Williams, un estudio clave para conocer los patrones de movilidad de los habitantes de la ciudad m\u00e1s austral del mundo. As\u00ed lo dio a conocer el seremi de Transportes y Telecomunicaciones Alejandro Goich.<br>La iniciativa, liderada por el Programa de Vialidad y Transporte Urbano del MTT, Sectra Austral,<br>\u201ccontempla la participaci\u00f3n de m\u00e1s de 100 hogares y busca generar informaci\u00f3n fundamental para<br>el dise\u00f1o de futuros proyectos de infraestructura y accesibilidad\u201d, inform\u00f3 Goich.<br>\u00cdtalo San Nicolo, coordinador de la macro zona Austral de Sectra, explic\u00f3 la relevancia del estudio.<br>\u201cLo que estamos haciendo hoy d\u00eda es lanzar la encuesta de Origen-Destino aqu\u00ed en Puerto<br>Williams, donde vamos a encuestar a m\u00e1s de 100 hogares en la ciudad. \u00bfQu\u00e9 es lo que<br>pretendemos con esto? Pretendemos caracterizar c\u00f3mo es la movilidad de cada uno de los<br>habitantes: c\u00f3mo se mueven, en qu\u00e9 modo lo hacen, a qu\u00e9 hora y por qu\u00e9 motivo. Esa<br>informaci\u00f3n es fundamental para poder planificar la ciudad\u201d. A\u00f1adi\u00f3 que con los resultados, se<br>podr\u00e1n formular propuestas que respondan directamente a las necesidades detectadas, haciendo<br>un llamado a la comunidad a participar activamente en el proceso.<br>Por su parte, la delegada Presidencial Provincial de la Ant\u00e1rtica Constanza Calisto, destac\u00f3 el<br>car\u00e1cter descentralizador del proyecto y la importancia de cerrar el ciclo de encuestas a nivel<br>regional. \u201cQueremos invitar a toda la comunidad de Puerto Williams a abrir las puertas a aquellos<br>encuestadores y encuestadoras que estar\u00e1n aplicando esta encuesta de movilidad sustentable.<br>Este trabajo nos permitir\u00e1 generar resultados tangibles para crear proyectos y estrategias de<br>transporte y accesibilidad en nuestra capital provincial. Con esta acci\u00f3n completamos el ciclo de<br>encuestas Origen-Destino en la regi\u00f3n de Magallanes y de la Ant\u00e1rtica Chilena, reafirmando el<br>compromiso de descentralizaci\u00f3n territorial que el gobierno del Presidente Gabriel Boric ha<br>impulsado desde el inicio\u201d.<br>\u201cLo importante es que el an\u00e1lisis que se va a hacer ser\u00e1 clave. La encuesta realza el trabajo y la<br>participaci\u00f3n ciudadana de cada habitante en el desarrollo de decisiones en materias viales y<br>organizativas. Nos ayudar\u00e1 a establecer una l\u00ednea com\u00fan que a veces cuesta construir\u201d, se\u00f1al\u00f3 el<br>Alcalde de la comuna de Cabo de Hornos Patricio Fern\u00e1ndez, quien valor\u00f3 el enfoque participativo<br>del estudio.<br>La encuesta se desarrollar\u00e1 entre junio y agosto pr\u00f3ximo y las autoridades reiteraron su llamado a<br>la colaboraci\u00f3n ciudadana, destacando que los datos recogidos ser\u00e1n tratados con absoluta<br>confidencialidad y utilizados exclusivamente para fines de planificaci\u00f3n urbana y de transporte.<\/p>\n\n\n\n<p><\/p>\n","protected":false},"excerpt":{"rendered":"<p>Con la presencia de la delegada presidencial provincial de la Ant\u00e1rtica y el alcalde de Cabo de Hornos Patricio Fern\u00e1ndez, se dio inicio oficial a la Encuesta Origen-Destino en Puerto&#8230; <a class=\"read-more\" href=\"https:\/\/www.radiopresidenteibanez.cl\/web\/ministerio-transporte-y-telecomunicaciones-lanza-encuesta-origen-destino-para-planificar-transporte-sustentable-en-puerto-williams\/\">Leer m\u00e1s<\/a><\/p>\n","protected":false},"author":2,"featured_media":57158,"comment_status":"closed","ping_status":"closed","sticky":false,"template":"","format":"standard","meta":{"footnotes":""},"categories":[1],"tags":[],"class_list":["post-57157","post","type-post","status-publish","format-standard","has-post-thumbnail","hentry","category-cronica"],"_links":{"self":[{"href":"https:\/\/www.radiopresidenteibanez.cl\/web\/wp-json\/wp\/v2\/posts\/57157","targetHints":{"allow":["GET"]}}],"collection":[{"href":"https:\/\/www.radiopresidenteibanez.cl\/web\/wp-json\/wp\/v2\/posts"}],"about":[{"href":"https:\/\/www.radiopresidenteibanez.cl\/web\/wp-json\/wp\/v2\/types\/post"}],"author":[{"embeddable":true,"href":"https:\/\/www.radiopresidenteibanez.cl\/web\/wp-json\/wp\/v2\/users\/2"}],"replies":[{"embeddable":true,"href":"https:\/\/www.radiopresidenteibanez.cl\/web\/wp-json\/wp\/v2\/comments?post=57157"}],"version-history":[{"count":0,"href":"https:\/\/www.radiopresidenteibanez.cl\/web\/wp-json\/wp\/v2\/posts\/57157\/revisions"}],"wp:featuredmedia":[{"embeddable":true,"href":"https:\/\/www.radiopresidenteibanez.cl\/web\/wp-json\/wp\/v2\/media\/57158"}],"wp:attachment":[{"href":"https:\/\/www.radiopresidenteibanez.cl\/web\/wp-json\/wp\/v2\/media?parent=57157"}],"wp:term":[{"taxonomy":"category","embeddable":true,"href":"https:\/\/www.radiopresidenteibanez.cl\/web\/wp-json\/wp\/v2\/categories?post=57157"},{"taxonomy":"post_tag","embeddable":true,"href":"https:\/\/www.radiopresidenteibanez.cl\/web\/wp-json\/wp\/v2\/tags?post=57157"}],"curies":[{"name":"wp","href":"https:\/\/api.w.org\/{rel}","templated":true}]}}