{"id":57154,"date":"2025-06-24T09:39:00","date_gmt":"2025-06-24T12:39:00","guid":{"rendered":"https:\/\/www.radiopresidenteibanez.cl\/web\/?p=57154"},"modified":"2025-06-24T08:20:54","modified_gmt":"2025-06-24T11:20:54","slug":"gobierno-de-aysen-y-tabsa-acercan-posiciones-en-aras-de-conectar-chile-por-chile","status":"publish","type":"post","link":"https:\/\/www.radiopresidenteibanez.cl\/web\/gobierno-de-aysen-y-tabsa-acercan-posiciones-en-aras-de-conectar-chile-por-chile\/","title":{"rendered":"Gobierno de Ays\u00e9n y TABSA acercan posiciones en aras de conectar Chile por Chile"},"content":{"rendered":"\n<p>Se necesitan buenos caminos y rutas intermodales para acercar Ays\u00e9n con Magallanes y Los Lagos. Esta fue la principal conclusi\u00f3n a la que arribaron el Gobernador Regional de Ays\u00e9n, Marcelo Santana, el Alcalde de Puerto Ays\u00e9n, Luis Mart\u00ednez y el Gerente General de TABSA, Crist\u00f3bal Kulczewski quienes se reunieron el mi\u00e9rcoles 18 de junio en Punta Arenas.<\/p>\n\n\n\n<p>Junto con agradecer la reuni\u00f3n con Tabsa, en la que se convers\u00f3 sobre \u201cinquietudes y el sue\u00f1o de conectarse de manera robusta\u201d, el Gobernador Santana destac\u00f3 que \u201cTABSA cumple un rol fundamental en esta conexi\u00f3n. Hoy d\u00eda hace un tramo importante para nosotros que tiene que ver con conectar Yungay con Puerto Natales. Esta ruta ha ido creciendo en el tiempo y en los meses estivales la demanda es muy, muy alta. Esperamos que podamos amplificar esta demanda, sobre todo para derivar transporte de carga por esta v\u00eda, de modo que los camioneros de la zona sur de nuestro pa\u00eds puedan conectarse por el interior de nuestro pa\u00eds\u201d.<\/p>\n\n\n\n<p>En tanto, Kulczewski explic\u00f3 que para la empresa es esencial potenciar la ruta que una Chile por Chile en donde tienen un rol fundamental los Gobiernos Regionales mediante las inversiones establecidas en su Plan de Zonas Extremas, como as\u00ed tambi\u00e9n los Ministerio de Obras P\u00fablicas para potenciar caminos y terminales mar\u00edtimos; y el Ministerio de Transportes para fortalecer los subsidios necesarios para darle viabilidad de la conectividad mar\u00edtima.<\/p>\n\n\n\n<p>\u201cTABSA forma parte de las instituciones y empresas que mancomunadamente est\u00e1n realizando esfuerzos para habilitar la conectividad Chile por Chile, nuestra compa\u00f1\u00eda tiene un fuerte compromiso con Magallanes y colocaremos toda nuestra experiencia para hacer realidad este proyecto \u2013 pa\u00eds\u201d, se\u00f1al\u00f3 el ejecutivo.<\/p>\n","protected":false},"excerpt":{"rendered":"<p>Se necesitan buenos caminos y rutas intermodales para acercar Ays\u00e9n con Magallanes y Los Lagos. Esta fue la principal conclusi\u00f3n a la que arribaron el Gobernador Regional de Ays\u00e9n, Marcelo&#8230; <a class=\"read-more\" href=\"https:\/\/www.radiopresidenteibanez.cl\/web\/gobierno-de-aysen-y-tabsa-acercan-posiciones-en-aras-de-conectar-chile-por-chile\/\">Leer m\u00e1s<\/a><\/p>\n","protected":false},"author":2,"featured_media":57155,"comment_status":"closed","ping_status":"closed","sticky":false,"template":"","format":"standard","meta":{"footnotes":""},"categories":[1],"tags":[],"class_list":["post-57154","post","type-post","status-publish","format-standard","has-post-thumbnail","hentry","category-cronica"],"_links":{"self":[{"href":"https:\/\/www.radiopresidenteibanez.cl\/web\/wp-json\/wp\/v2\/posts\/57154","targetHints":{"allow":["GET"]}}],"collection":[{"href":"https:\/\/www.radiopresidenteibanez.cl\/web\/wp-json\/wp\/v2\/posts"}],"about":[{"href":"https:\/\/www.radiopresidenteibanez.cl\/web\/wp-json\/wp\/v2\/types\/post"}],"author":[{"embeddable":true,"href":"https:\/\/www.radiopresidenteibanez.cl\/web\/wp-json\/wp\/v2\/users\/2"}],"replies":[{"embeddable":true,"href":"https:\/\/www.radiopresidenteibanez.cl\/web\/wp-json\/wp\/v2\/comments?post=57154"}],"version-history":[{"count":0,"href":"https:\/\/www.radiopresidenteibanez.cl\/web\/wp-json\/wp\/v2\/posts\/57154\/revisions"}],"wp:featuredmedia":[{"embeddable":true,"href":"https:\/\/www.radiopresidenteibanez.cl\/web\/wp-json\/wp\/v2\/media\/57155"}],"wp:attachment":[{"href":"https:\/\/www.radiopresidenteibanez.cl\/web\/wp-json\/wp\/v2\/media?parent=57154"}],"wp:term":[{"taxonomy":"category","embeddable":true,"href":"https:\/\/www.radiopresidenteibanez.cl\/web\/wp-json\/wp\/v2\/categories?post=57154"},{"taxonomy":"post_tag","embeddable":true,"href":"https:\/\/www.radiopresidenteibanez.cl\/web\/wp-json\/wp\/v2\/tags?post=57154"}],"curies":[{"name":"wp","href":"https:\/\/api.w.org\/{rel}","templated":true}]}}