{"id":57151,"date":"2025-06-24T08:49:00","date_gmt":"2025-06-24T11:49:00","guid":{"rendered":"https:\/\/www.radiopresidenteibanez.cl\/web\/?p=57151"},"modified":"2025-06-24T08:16:15","modified_gmt":"2025-06-24T11:16:15","slug":"boletin-informativo-orbe-40","status":"publish","type":"post","link":"https:\/\/www.radiopresidenteibanez.cl\/web\/boletin-informativo-orbe-40\/","title":{"rendered":"BOLETIN INFORMATIVO ORBE"},"content":{"rendered":"\n<p>SANTIAGO.- El ministro de Relaciones Exteriores, Alberto Van<br>Klaveren, confirm\u00f3 la participaci\u00f3n del Presidente Gabriel<br>Boric en la cumbre de los Brics este 7 de julio, a\u00fan con la<br>ofensiva de Estados Unidos sobre Ir\u00e1n que ha tensionado el<br>escenario internacional. El ministro sostuvo que la<br>asistencia de Boric a la cumbre en Rio de Janeiro, Brasil,<br>\u00abest\u00e1 confirmada, pero por supuesto el contexto global es un<br>contexto muy cambiante\u00bb, advirti\u00f3.<\/p>\n\n\n\n<p>SANTIAGO.- Van Klaveren detall\u00f3 que \u00abhe estado en contacto<br>con el Canciller brasile\u00f1o, \u00e9l me manifest\u00f3 que la<br>conferencia se manten\u00eda, pero obviamente est\u00e1 en duda la<br>participaci\u00f3n de distintos l\u00edderes como el Presidente Putin y<br>el Presidente de Ir\u00e1n\u00bb. Con todo, dijo que \u00abasistimos como<br>invitados, y si se nos da el uso de la palabra nos<br>referiremos a los temas propios de una econom\u00eda emergente. La<br>agenda de los Brics es principalmente econ\u00f3mica y nos<br>centrar\u00edamos en ese \u00e1mbito\u00bb.<\/p>\n\n\n\n<p>SANTIAGO.- El Presidente Gabriel Boric reafirm\u00f3 su<br>declaraci\u00f3n en rechazo al ataque de Estados Unidos contra<br>Ir\u00e1n, que concit\u00f3 las cr\u00edticas de la oposici\u00f3n, donde<br>tildaron sus palabras de \u00abapresuradas\u00bb e \u00abimprudentes\u00bb. El<br>Mandatario, qui\u00e9n baj\u00f3 de su despacho al patio de Los<br>Naranjos a saludar a un grupo de ni\u00f1os que visitaban el<br>Palacio de La Moneda, expres\u00f3 que \u00ablos principios nunca son<br>apresurados\u00bb.<\/p>\n\n\n\n<p>SANTIAGO.- El excanciller Mariano Fern\u00e1ndez respald\u00f3 la<br>condena del Presidente Gabriel Boric contra los ataques de<br>Estados Unidos a las instalaciones nucleares de Ir\u00e1n y afirm\u00f3<br>que sus declaraciones \u00abmarcan lo que es Chile\u00bb. El<br>diplom\u00e1tico expres\u00f3 que \u00abme parece que, francamente, estamos<br>viviendo un momento extremadamente complejo en que el<br>autoritarismo y la p\u00e9rdida de valor de la democracia est\u00e1<br>avanzando por todos lados\u00bb.<\/p>\n\n\n\n<p>SANTIAGO.- Fern\u00e1ndez expres\u00f3 que \u00abes bueno que un Presidente<br>de un pa\u00eds democr\u00e1tico como Chile saque la voz y diga algo<br>sobre estos asuntos. Me parece que estuvo bien, pero creo que<br>no hay que insistir porque la situaci\u00f3n se est\u00e1 transformando<br>en algo que va a ser de muy dif\u00edcil manejo, sobre todo para<br>un pa\u00eds como Chile que, para fortuna nuestra, estamos muy<br>lejos de todos estos conflictos\u00bb, detall\u00f3.<\/p>\n\n\n\n<p>SANTIAGO.- Adem\u00e1s, advirti\u00f3 del avance del autoritarismo a<br>nivel global y sus eventuales consecuencias. \u00abEsta tendencia<br>de reemplazar las agresiones, las descalificaciones y el<br>extremismo en lugar de buscar los acuerdos y los consensos<br>est\u00e1 ganando mucho espacio en el mundo y tambi\u00e9n aqu\u00ed en<br>Chile. Por eso estoy de acuerdo con la declaraci\u00f3n que hizo<br>el Presidente Boric, porque me parece que esa declaraci\u00f3n<br>marca lo que es Chile, lo que somos\u00bb, concluy\u00f3.<\/p>\n\n\n\n<p>SANTIAGO.- La candidata presidencial, Evelyn Matthei, anunci\u00f3<br>que \u00abla precampa\u00f1a presidencial reformular\u00e1 su sistema de<br>vocer\u00edas con un nuevo modelo de trabajo para una nueva etapa<br>que requiere una dedicaci\u00f3n mucho m\u00e1s intensiva\u00bb. Ante ello,<br>se indic\u00f3 que \u00ablos alcaldes ser\u00e1n el coraz\u00f3n de la campa\u00f1a<br>desde lo territorial, activando cada uno de los lugares de<br>Chile con propuestas para las necesidades y dolores de todos<br>los chilenos\u00bb.<\/p>\n\n\n\n<p>SANTIAGO.- En tanto, se se\u00f1al\u00f3 que \u00ablos legisladores tendr\u00e1n<br>que llevar adelante sus campa\u00f1as, para lograr un Parlamento<br>que permita los cambios que el pa\u00eds necesita de manera<br>urgente\u00bb. El jefe de campa\u00f1a, Diego Paulsen, sostuvo que<br>\u00abvaloramos y agradecemos el trabajo de nuestros voceros.<br>Ellos han tenido un rol muy importante en esta etapa inicial<br>de instalaci\u00f3n y seguir\u00e1n apoyando en esta nueva fase de<br>despliegue desde el territorio\u00bb, cerr\u00f3.<\/p>\n\n\n\n<p>SANTIAGO.- El Servicio Electoral, Servel, realiz\u00f3 una serie<br>de objeciones a los gastos y rendiciones de diversos actores<br>pol\u00edticos, recortando el financiamiento p\u00fablico a un total de<br>14 partidos debido a incumplimientos normativos. Una de las<br>razones de objeci\u00f3n m\u00e1s relevantes es la falta de<br>cumplimiento de la ley que exige destinar un 10 por ciento<br>del financiamiento a actividades espec\u00edficas, como la<br>promoci\u00f3n pol\u00edtica de las mujeres.<\/p>\n\n\n\n<p>SANTIAGO.- El partido m\u00e1s afectado por este tipo de objeci\u00f3n<br>fue el Republicano. Se retuvieron 115 millones de pesos de su<br>financiamiento por no haber logrado demostrar el \u00abuso<br>adecuado\u00bb del dinero que deb\u00eda destinarse a mujeres. Entre<br>los gastos objetados al Partido Republicano se mencionaron la<br>compra de libros para la biblioteca femenina de la<br>colectividad y el pago de una clase impartida por el<br>exconvencional constituyente Luis Silva.<\/p>\n\n\n\n<p>SANTIAGO.- El Servel tambi\u00e9n objet\u00f3 gastos de campa\u00f1a al<br>gobernador regional metropolitano, Claudio Orrego. En su caso<br>particular, la objeci\u00f3n se debi\u00f3 a que la remuneraci\u00f3n pagada<br>a su administrador electoral, Andr\u00e9s Wallis, super\u00f3 el l\u00edmite<br>permitido por la normativa. El equipo de Orrego argument\u00f3,<br>que \u00abtampoco sab\u00edan previamente que hab\u00eda un l\u00edmite\u00bb para<br>dicha remuneraci\u00f3n.<\/p>\n\n\n\n<p>SANTIAGO.- Por su parte, el Partido de la Gente, PDG, tambi\u00e9n<br>enfrenta observaciones por parte del Servel tras el rechazo<br>de su balance correspondiente al 2023. Seg\u00fan explic\u00f3 el<br>presidente del partido, Rodrigo Vattuone, el Servicio<br>Electoral realiz\u00f3 objeciones a dicho balance y les ha<br>otorgado un plazo hasta el pr\u00f3ximo 27 de junio para presentar<br>las correcciones necesarias.<\/p>\n","protected":false},"excerpt":{"rendered":"<p>SANTIAGO.- El ministro de Relaciones Exteriores, Alberto VanKlaveren, confirm\u00f3 la participaci\u00f3n del Presidente GabrielBoric en la cumbre de los Brics este 7 de julio, a\u00fan con laofensiva de Estados Unidos&#8230; <a class=\"read-more\" href=\"https:\/\/www.radiopresidenteibanez.cl\/web\/boletin-informativo-orbe-40\/\">Leer m\u00e1s<\/a><\/p>\n","protected":false},"author":2,"featured_media":57152,"comment_status":"closed","ping_status":"closed","sticky":false,"template":"","format":"standard","meta":{"footnotes":""},"categories":[1],"tags":[],"class_list":["post-57151","post","type-post","status-publish","format-standard","has-post-thumbnail","hentry","category-cronica"],"_links":{"self":[{"href":"https:\/\/www.radiopresidenteibanez.cl\/web\/wp-json\/wp\/v2\/posts\/57151","targetHints":{"allow":["GET"]}}],"collection":[{"href":"https:\/\/www.radiopresidenteibanez.cl\/web\/wp-json\/wp\/v2\/posts"}],"about":[{"href":"https:\/\/www.radiopresidenteibanez.cl\/web\/wp-json\/wp\/v2\/types\/post"}],"author":[{"embeddable":true,"href":"https:\/\/www.radiopresidenteibanez.cl\/web\/wp-json\/wp\/v2\/users\/2"}],"replies":[{"embeddable":true,"href":"https:\/\/www.radiopresidenteibanez.cl\/web\/wp-json\/wp\/v2\/comments?post=57151"}],"version-history":[{"count":0,"href":"https:\/\/www.radiopresidenteibanez.cl\/web\/wp-json\/wp\/v2\/posts\/57151\/revisions"}],"wp:featuredmedia":[{"embeddable":true,"href":"https:\/\/www.radiopresidenteibanez.cl\/web\/wp-json\/wp\/v2\/media\/57152"}],"wp:attachment":[{"href":"https:\/\/www.radiopresidenteibanez.cl\/web\/wp-json\/wp\/v2\/media?parent=57151"}],"wp:term":[{"taxonomy":"category","embeddable":true,"href":"https:\/\/www.radiopresidenteibanez.cl\/web\/wp-json\/wp\/v2\/categories?post=57151"},{"taxonomy":"post_tag","embeddable":true,"href":"https:\/\/www.radiopresidenteibanez.cl\/web\/wp-json\/wp\/v2\/tags?post=57151"}],"curies":[{"name":"wp","href":"https:\/\/api.w.org\/{rel}","templated":true}]}}