{"id":57147,"date":"2025-06-24T08:11:13","date_gmt":"2025-06-24T11:11:13","guid":{"rendered":"https:\/\/www.radiopresidenteibanez.cl\/web\/?p=57147"},"modified":"2025-06-24T08:12:31","modified_gmt":"2025-06-24T11:12:31","slug":"minvu-iniciara-el-diseno-participativo-de-parque-ukika-en-cabo-de-hornos","status":"publish","type":"post","link":"https:\/\/www.radiopresidenteibanez.cl\/web\/minvu-iniciara-el-diseno-participativo-de-parque-ukika-en-cabo-de-hornos\/","title":{"rendered":"Minvu iniciar\u00e1 el dise\u00f1o participativo de Parque Ukika en Cabo de Hornos"},"content":{"rendered":"\n<p>\u201cEl Parque Ukika es el m\u00e1s austral del pa\u00eds que se incorpora al Programa de Parques Urbanos del Ministerio de Vivienda y Urbanismo, reafirmando el mandato presidencial de justicia territorial a trav\u00e9s de una iniciativa que surge de la demanda de la comunidad y que se concret\u00f3 gracias a la postulaci\u00f3n realizada por la Municipalidad de Cabo de Hornos\u201d, se\u00f1al\u00f3 el Seremi Marco Uribe Saldivia.<br>El parque urbano posee una superficie de 43,58 hect\u00e1reas y se ubica en las afueras de Puerto Williams, al sur de Villa Ukika, asentamiento de la comunidad yag\u00e1n residente en Isla Navarino. En su costado oriente, limita con el conjunto habitacional de 23 viviendas \u201cSoberan\u00eda en el Fin del Mundo\u201d entregado en mayo reci\u00e9n pasado por el Minvu y el conjunto habitacional en construcci\u00f3n \u201cAltos de Cabo de Hornos\u201d, de 49 viviendas, ambos comprometidos en la meta del Plan de Emergencia Habitacional.<\/p>\n\n\n\n<p>En la actualidad, el parque presenta un deficiente estado de sus \u00e1reas verdes y equipamiento en<br>senderos, pasarelas y zona de picnic, lo que limita el acceso seguro a este espacio p\u00fablico por parte de la comunidad. Por lo tanto, se espera que el dise\u00f1o aporte a su reordenamiento y puesta en valor ambiental y cultural, para el uso pleno y sustentable por parte de residentes y visitantes, en armon\u00eda con la biodiversidad de la zona.<br>El dise\u00f1o, deber\u00e1 favorecer la accesibilidad y funcionalidad de sus instalaciones, particularmente<br>mediante la integraci\u00f3n de espacios techados o interiores que permitan la realizaci\u00f3n de actividades recreativas durante todo el a\u00f1o. As\u00ed mismo, deber\u00e1 recuperar las \u00e1reas verdes degradadas, mediante reforestaci\u00f3n con especies arb\u00f3reas y arbustivas, nativas, de manera de incrementar su cobertura verde.<br>\u201cEl Minvu asign\u00f3 un presupuesto de 183 millones de pesos para esta iniciativa de dise\u00f1o, con un plazo de 14 meses corridos, durante el cual, se deber\u00e1 trabajar de manera estrecha con la comunidad y el Municipio, dando cumplimiento a los principios del Plan de Ciudades Justas\u201d, expres\u00f3 el Seremi Marco Uribe Saldivia.<br>Programa de Parques Urbanos<br>Puerto Williams cuenta actualmente con una superficie total de \u00e1reas verdes en su zona urbana de<br>64.9 hect\u00e1reas, distribuidas en plazas, parques y bandejones. Dentro de estas, el Parque Humedal<br>Ukika destaca como el m\u00e1s extenso, con una superficie de 43.58 hect\u00e1reas que equivale al 67 por<br>ciento de sus \u00e1reas verdes p\u00fablicas.<br>En respuesta al estado actual del parque y solicitudes de la comunidad, durante el a\u00f1o 2024 el<br>Municipio postul\u00f3 este proyecto a su etapa de dise\u00f1o en la l\u00ednea de mejoramiento del Programa de Parques Urbanos del Minvu, con el objetivo de consolidarlo como un espacio multifuncional de<br>encuentro y esparcimiento, abierto tanto a residentes como a visitantes.<br>El Alcalde de Cabo de Hornos, Patricio Fern\u00e1ndez Alarc\u00f3n, indic\u00f3 \u201cEstamos muy contentos por la noticia de esta licitaci\u00f3n para el dise\u00f1o de lo que ser\u00e1 el nuevo parque Ukika en conjunto con el Minvu, al cual agradecemos esta instancia, ya que nos permitir\u00e1 reflejar lo hermosa que es nuestra comuna\u201d.<br>\u201cEste parque que se encuentra al interior de la comuna va a ser destacado como un atractivo m\u00e1s de Cabo de Hornos\u201d, destac\u00f3 el edil.<br>Entre las actividades y equipamiento contemplados en el uso futuro de este espacio, se incluyen<br>senderismo, avistamiento de aves, \u00e1reas de juegos, zonas de picnic y camping, un p\u00f3rtico de acceso, y una edificaci\u00f3n que albergar\u00e1 un \u00e1rea de recepci\u00f3n y administraci\u00f3n y servicios higi\u00e9nicos p\u00fablicos.<br>Todo lo anterior dotado de accesibilidad universal e iluminaci\u00f3n.<br>El a\u00f1o pasado la Seremi de Vivienda y Urbanismo gestion\u00f3 la postulaci\u00f3n del Proyecto de Dise\u00f1o al Sistema Nacional de Inversiones, obteniendo la Recomendaci\u00f3n Satisfactoria (RS) con fecha 25 de noviembre de 2024. Posteriormente, en enero de este a\u00f1o, el Serviu regional dio curso al proceso de licitaci\u00f3n p\u00fablica cuyo cierre y apertura ser\u00e1 el 27 de este mes.<br>El Programa de Parques Urbanos del Minvu, cuenta con tres l\u00edneas de financiamiento las cuales<br>corresponden a construcci\u00f3n (dise\u00f1o y\/o ejecuci\u00f3n de obras), mejoramiento y conservaci\u00f3n de<br>parques, lo que genera un incentivo adicional ya que inyecta recursos para la correcta mantenci\u00f3n de estos recintos.<\/p>\n\n\n\n<p><\/p>\n","protected":false},"excerpt":{"rendered":"<p>\u201cEl Parque Ukika es el m\u00e1s austral del pa\u00eds que se incorpora al Programa de Parques Urbanos del Ministerio de Vivienda y Urbanismo, reafirmando el mandato presidencial de justicia territorial&#8230; <a class=\"read-more\" href=\"https:\/\/www.radiopresidenteibanez.cl\/web\/minvu-iniciara-el-diseno-participativo-de-parque-ukika-en-cabo-de-hornos\/\">Leer m\u00e1s<\/a><\/p>\n","protected":false},"author":2,"featured_media":57148,"comment_status":"closed","ping_status":"closed","sticky":false,"template":"","format":"standard","meta":{"footnotes":""},"categories":[1],"tags":[],"class_list":["post-57147","post","type-post","status-publish","format-standard","has-post-thumbnail","hentry","category-cronica"],"_links":{"self":[{"href":"https:\/\/www.radiopresidenteibanez.cl\/web\/wp-json\/wp\/v2\/posts\/57147","targetHints":{"allow":["GET"]}}],"collection":[{"href":"https:\/\/www.radiopresidenteibanez.cl\/web\/wp-json\/wp\/v2\/posts"}],"about":[{"href":"https:\/\/www.radiopresidenteibanez.cl\/web\/wp-json\/wp\/v2\/types\/post"}],"author":[{"embeddable":true,"href":"https:\/\/www.radiopresidenteibanez.cl\/web\/wp-json\/wp\/v2\/users\/2"}],"replies":[{"embeddable":true,"href":"https:\/\/www.radiopresidenteibanez.cl\/web\/wp-json\/wp\/v2\/comments?post=57147"}],"version-history":[{"count":0,"href":"https:\/\/www.radiopresidenteibanez.cl\/web\/wp-json\/wp\/v2\/posts\/57147\/revisions"}],"wp:featuredmedia":[{"embeddable":true,"href":"https:\/\/www.radiopresidenteibanez.cl\/web\/wp-json\/wp\/v2\/media\/57148"}],"wp:attachment":[{"href":"https:\/\/www.radiopresidenteibanez.cl\/web\/wp-json\/wp\/v2\/media?parent=57147"}],"wp:term":[{"taxonomy":"category","embeddable":true,"href":"https:\/\/www.radiopresidenteibanez.cl\/web\/wp-json\/wp\/v2\/categories?post=57147"},{"taxonomy":"post_tag","embeddable":true,"href":"https:\/\/www.radiopresidenteibanez.cl\/web\/wp-json\/wp\/v2\/tags?post=57147"}],"curies":[{"name":"wp","href":"https:\/\/api.w.org\/{rel}","templated":true}]}}