{"id":57143,"date":"2025-06-23T18:09:00","date_gmt":"2025-06-23T21:09:00","guid":{"rendered":"https:\/\/www.radiopresidenteibanez.cl\/web\/?p=57143"},"modified":"2025-06-23T15:25:49","modified_gmt":"2025-06-23T18:25:49","slug":"nueva-sesion-del-comite-operativo-regional-de-justicia-articula-apoyo-a-la-reinsercion-de-jovenes-en-conflicto-con-la-justicia","status":"publish","type":"post","link":"https:\/\/www.radiopresidenteibanez.cl\/web\/nueva-sesion-del-comite-operativo-regional-de-justicia-articula-apoyo-a-la-reinsercion-de-jovenes-en-conflicto-con-la-justicia\/","title":{"rendered":"NUEVA SESI\u00d3N DEL COMIT\u00c9 OPERATIVO REGIONAL DE JUSTICIA ARTICULA APOYO A LA REINSERCI\u00d3N DE J\u00d3VENES EN CONFLICTO CON LA JUSTICIA"},"content":{"rendered":"\n<p>Una nueva sesi\u00f3n de trabajo registr\u00f3 el Comit\u00e9 Operativo Regional (COR) de Magallanes, cuyo objetivo es garantizar y coordinar la disponibilidad de servicios y prestaciones p\u00fablicas adecuadas y oportunas, para adolescentes y j\u00f3venes, y cuya finalidad es avanzar en la Pol\u00edtica Nacional de Reinserci\u00f3n Social Juvenil en cada territorio. &nbsp;<\/p>\n\n\n\n<p>Estos Comit\u00e9s Operativos Regionales son presididos por los Seremis de Justicia y Derechos Humanos de cada regi\u00f3n, y sesionan cada dos meses, convocando a actores claves como SEREMI de Salud, SEREMI de Seguridad P\u00fablica, SEREMI de Educaci\u00f3n, Servicio de Salud, Subsecretar\u00eda de la Ni\u00f1ez, SENDA, Gendarmer\u00eda de Chile, IND, SEREMI de Desarrollo Social y Familia, Asociaci\u00f3n de Municipalidades, entre otros.<\/p>\n\n\n\n<p>En la sesi\u00f3n correspondiente al mes de junio, se realizaron 2 presentaciones. Una estuvo a cargo del director (S) del Centro de Cumplimiento Juvenil, Sergio Vergara, quien se refiri\u00f3 a los procesos operativos y la oferta de reinserci\u00f3n que entrega este Centro IP IRC LAE IP, unidad que depende del Servicio de Reinserci\u00f3n Social Juvenil de Magallanes.<\/p>\n\n\n\n<p>Y posteriormente, se analiz\u00f3 una presentaci\u00f3n de caso de joven usuaria, entregado por profesionales de la Corporaci\u00f3n Opci\u00f3n, entidad que trabaja en la promoci\u00f3n, protecci\u00f3n y apoyo de los derechos de ni\u00f1os, ni\u00f1as y adolescentes, especialmente aquellos que han tenido conflictos con la ley y est\u00e1n en procesos de reinserci\u00f3n social juvenil.&nbsp;&nbsp;Este trabajo se enfoca en la responsabilizaci\u00f3n, reparaci\u00f3n, habilitaci\u00f3n e integraci\u00f3n social de estos j\u00f3venes, con el objetivo de reducir la reincidencia y promover su inserci\u00f3n en la comunidad.<\/p>\n\n\n\n<p>Al respecto, la&nbsp;<strong>SEREMI de Justicia y Derechos Humanos, Michelle Peutat<\/strong>, quien adem\u00e1s lidera el COR a nivel regional, se\u00f1al\u00f3: \u201cValor\u00f3 el compromiso del Estado para otorgar oportunidades en el sentido de cambiar la vida y brindar un mejor futuro a nuestros j\u00f3venes y adolescentes en conflicto con la justicia, y de ello se dio cuenta a trav\u00e9s del trabajo que desarrolla IP-IRC-LAE IP, el an\u00e1lisis de casos y de nudos cr\u00edticos y el trabajo colaborativo para poder abordar en complementariedad. Todo ellos, con miras a implementar desaf\u00edos que se traduzcan en acciones concretas para favorecer la reinserci\u00f3n de las y los j\u00f3venes usuarios del Servicio Nacional de Reinserci\u00f3n Social Juvenil\u201d.<\/p>\n\n\n\n<p>Por su parte, el&nbsp;<strong>director regional del Servicio de Reinserci\u00f3n Social Juvenil, C\u00e9sar Montiel&nbsp;<\/strong>destac\u00f3 el trabajo en red que esta instancia permite. \u201cLa reinserci\u00f3n de j\u00f3venes es uno de los compromisos m\u00e1s importantes y es tambi\u00e9n un desaf\u00edo para poder garantizar que cada joven tenga una verdadera oportunidad de cambiar su vida y se proyecte en su futuro. La reinserci\u00f3n no s\u00f3lo es un derecho, es m\u00e1s seguridad para toda la sociedad, por ello el trabajo intersectorial debe ser pensado de manera articulada y coordinada como lo estamos haciendo en el COR\u201d.<\/p>\n","protected":false},"excerpt":{"rendered":"<p>Una nueva sesi\u00f3n de trabajo registr\u00f3 el Comit\u00e9 Operativo Regional (COR) de Magallanes, cuyo objetivo es garantizar y coordinar la disponibilidad de servicios y prestaciones p\u00fablicas adecuadas y oportunas, para&#8230; <a class=\"read-more\" href=\"https:\/\/www.radiopresidenteibanez.cl\/web\/nueva-sesion-del-comite-operativo-regional-de-justicia-articula-apoyo-a-la-reinsercion-de-jovenes-en-conflicto-con-la-justicia\/\">Leer m\u00e1s<\/a><\/p>\n","protected":false},"author":2,"featured_media":57144,"comment_status":"closed","ping_status":"closed","sticky":false,"template":"","format":"standard","meta":{"footnotes":""},"categories":[1],"tags":[],"class_list":["post-57143","post","type-post","status-publish","format-standard","has-post-thumbnail","hentry","category-cronica"],"_links":{"self":[{"href":"https:\/\/www.radiopresidenteibanez.cl\/web\/wp-json\/wp\/v2\/posts\/57143","targetHints":{"allow":["GET"]}}],"collection":[{"href":"https:\/\/www.radiopresidenteibanez.cl\/web\/wp-json\/wp\/v2\/posts"}],"about":[{"href":"https:\/\/www.radiopresidenteibanez.cl\/web\/wp-json\/wp\/v2\/types\/post"}],"author":[{"embeddable":true,"href":"https:\/\/www.radiopresidenteibanez.cl\/web\/wp-json\/wp\/v2\/users\/2"}],"replies":[{"embeddable":true,"href":"https:\/\/www.radiopresidenteibanez.cl\/web\/wp-json\/wp\/v2\/comments?post=57143"}],"version-history":[{"count":0,"href":"https:\/\/www.radiopresidenteibanez.cl\/web\/wp-json\/wp\/v2\/posts\/57143\/revisions"}],"wp:featuredmedia":[{"embeddable":true,"href":"https:\/\/www.radiopresidenteibanez.cl\/web\/wp-json\/wp\/v2\/media\/57144"}],"wp:attachment":[{"href":"https:\/\/www.radiopresidenteibanez.cl\/web\/wp-json\/wp\/v2\/media?parent=57143"}],"wp:term":[{"taxonomy":"category","embeddable":true,"href":"https:\/\/www.radiopresidenteibanez.cl\/web\/wp-json\/wp\/v2\/categories?post=57143"},{"taxonomy":"post_tag","embeddable":true,"href":"https:\/\/www.radiopresidenteibanez.cl\/web\/wp-json\/wp\/v2\/tags?post=57143"}],"curies":[{"name":"wp","href":"https:\/\/api.w.org\/{rel}","templated":true}]}}