{"id":57136,"date":"2025-06-23T15:21:20","date_gmt":"2025-06-23T18:21:20","guid":{"rendered":"https:\/\/www.radiopresidenteibanez.cl\/web\/?p=57136"},"modified":"2025-06-23T15:21:55","modified_gmt":"2025-06-23T18:21:55","slug":"cerca-de-mil-500-personas-cuidadoras-accederan-a-los-beneficios-de-la-red-de-empresas-chile-cuida-en-magallanes","status":"publish","type":"post","link":"https:\/\/www.radiopresidenteibanez.cl\/web\/cerca-de-mil-500-personas-cuidadoras-accederan-a-los-beneficios-de-la-red-de-empresas-chile-cuida-en-magallanes\/","title":{"rendered":"Cerca de mil 500 personas cuidadoras acceder\u00e1n a los beneficios de la Red de Empresas Chile Cuida en Magallanes"},"content":{"rendered":"\n<p>&nbsp;Autoridades regionales dieron a conocer la Red de Empresas Chile Cuida, creada por el Ministerio de Desarrollo Social y Familia, y el Ministerio de la Mujer y la Equidad de G\u00e9nero, como una forma de contar con una red de entidades p\u00fablicas y privadas que impulsen acciones de corresponsabilidad social en materia de cuidados, mediante la entrega de beneficios, como descuentos o atenci\u00f3n preferente a las personas que realizan labores de cuidados no remuneradas.<\/p>\n\n\n\n<p>La primera cadena de farmacias en integrarse a esta red es Cruz Verde, con m\u00e1s de 800 locales, llegando a zonas aisladas como Isla de Pascua y Cerro Sombrero. Cruz Verde entregar\u00e1 a las personas cuidadoras descuentos de un 20% en productos de higiene personal y belleza; 12% en medicamentos y vitaminas, y 5% en la lista universal de medicamentos.<\/p>\n\n\n\n<p>El&nbsp;Delegado Presidencial Regional, Jos\u00e9 Antonio Ruiz, se\u00f1al\u00f3 que \u201cesta alianza que estamos dando a conocer se enmarca en la pol\u00edtica que ha impulsado el Presiente Gabriel Boric de hacer de los cuidados el cuarto pilar de la protecci\u00f3n social. Una de las primeras acciones que implementamos fue la credencial para personas cuidadoras, mientras que las principales demandas recogidas por ellas fue la necesidad de contar con m\u00e1s tiempo. La credencial ya otorgaba beneficios como atenci\u00f3n preferente en servicios p\u00fablicos, como Banco Estado, la farmacia del Hospital o en el Registro Civil, y hoy se da un paso m\u00e1s all\u00e1: se est\u00e1 construyendo una red de empresas que, mediante esta credencial, ofrecer\u00e1n nuevos beneficios, como el convenio que estamos lanzando con Cruz Verde. Este convenio, no solo reconoce el trabajo, muchas veces invisible y no remunerado, que realizan miles de cuidadoras y cuidadores en Chile, sino que tambi\u00e9n aporta al pa\u00eds al dignificar esta labor esencial\u201d.<\/p>\n\n\n\n<p>Respecto a c\u00f3mo una entidad puede integrarse a esta red, el Seremi de Desarrollo Social y Familia, Danilo Mimica, explic\u00f3 que \u201clas empresas interesadas deben solicitar patrocinio a nuestro ministerio, quien revisar\u00e1 y evaluar\u00e1 la propuesta de atenci\u00f3n preferente o de entrega de beneficios a las personas cuidadoras. Este tr\u00e1mite se realiza de manera online, ingresando a&nbsp;<a href=\"http:\/\/www.chilecuida.cl\/\" target=\"_blank\" rel=\"noreferrer noopener\">www.chilecuida.cl<\/a>&nbsp;con la Clave \u00danica.&nbsp;Mis felicitaciones y agradecimiento a Cruz Verde, y a la Caja de Compensaci\u00f3n Los H\u00e9roes, que son parte de esta red, y que tienen presencia en Magallanes\u201d.<\/p>\n\n\n\n<p>Sobre los requisitos para acceder a los&nbsp;beneficios, la Seremi de la Mujer y la Equidad de G\u00e9nero, Alejandra Ruiz, coment\u00f3 que \u201ces necesario&nbsp;estar acreditada como persona cuidadora en el Registro Social de Hogares, tr\u00e1mite que se efect\u00faa en&nbsp;<a href=\"http:\/\/www.registrosocial.gob.cl\/\" target=\"_blank\" rel=\"noreferrer noopener\">www.registrosocial.gob.cl<\/a>. En Magallanes llevamos 1.459 personas inscritas y sabemos&nbsp;que en todas las regiones del pa\u00eds, las mujeres son las que mayoritariamente cumplen este trabajo. Por eso, nuestro Gobierno est\u00e1 impulsando este gran sistema de protecci\u00f3n social, Chile Cuida\u201d.<\/p>\n\n\n\n<p>Tambi\u00e9n, el Jefe Zonal de Cruz Verde, Felipe Quintana, agreg\u00f3 que \u201cestamos muy orgullosos de ser parte de este programa que refleja el enorme impacto que podemos generar en nuestras comunidades cuando integramos -bajo una misma causa- los esfuerzos de actores p\u00fablicos y privados. Hoy, no solo queremos invitar a los miembros de la comunidad de Magallanes que ejercen labores de cuidados a registrarse, y con ello acceder a los beneficios disponibles en nuestros 13 locales de la regi\u00f3n, sino que convocar a otras empresas -nacionales y locales- a asumir un rol activo en este desaf\u00edo y sumarse a la Red de Empresas Chile Cuida\u201d.<\/p>\n\n\n\n<p><strong>Acceso al descuento<\/strong><strong><\/strong><\/p>\n\n\n\n<p>Durante la visita a una de las sucursales de farmacias Cruz Verde -ubicada en Carlos Bories 990 Punta Arenas-,&nbsp;Ximena Jaramillo, cuidadora acreditada en el Registro Social de Hogares, realiz\u00f3 su postulaci\u00f3n para acceder&nbsp;a los descuentos de Cruz Verde. Este proceso se realiza registrando los datos personales en un formulario de postulaci\u00f3n que se encuentra disponible en&nbsp;<a href=\"http:\/\/www.cruzverde.cl\/chile-cuida\" target=\"_blank\" rel=\"noreferrer noopener\">www.cruzverde.cl\/chile-cuida<\/a>,&nbsp;o directamente en una sucursal.<\/p>\n\n\n\n<p>Ximena, coment\u00f3 que \u201csiempre me hago el tiempo para venir una vez a la semana a la farmacia para comprar los medicamentos de mi hijo, porque \u00e9l tiene un problema neurol\u00f3gico. Este convenio es muy bueno porque tendr\u00e9 descuentos para medicamentos y otros productos\u201d.<\/p>\n\n\n\n<p>Actualmente, la Red de Empresas Chile Cuida se conforma por 33 empresas que brindan atenci\u00f3n preferente, beneficios y descuentos, con el objetivo aliviar la carga y disminuir las brechas econ\u00f3micas y de tiempo de quienes ejercen cuidados.<\/p>\n\n\n\n<p>El detalle de los beneficios vigentes y del Sistema Nacional de Apoyos y Cuidados Chile Cuida se puede conocer en&nbsp;<a href=\"http:\/\/www.chilecuida.cl\/\" target=\"_blank\" rel=\"noreferrer noopener\">www.chilecuida.cl<\/a>.<\/p>\n","protected":false},"excerpt":{"rendered":"<p>&nbsp;Autoridades regionales dieron a conocer la Red de Empresas Chile Cuida, creada por el Ministerio de Desarrollo Social y Familia, y el Ministerio de la Mujer y la Equidad de&#8230; <a class=\"read-more\" href=\"https:\/\/www.radiopresidenteibanez.cl\/web\/cerca-de-mil-500-personas-cuidadoras-accederan-a-los-beneficios-de-la-red-de-empresas-chile-cuida-en-magallanes\/\">Leer m\u00e1s<\/a><\/p>\n","protected":false},"author":2,"featured_media":57137,"comment_status":"closed","ping_status":"closed","sticky":false,"template":"","format":"standard","meta":{"footnotes":""},"categories":[1],"tags":[],"class_list":["post-57136","post","type-post","status-publish","format-standard","has-post-thumbnail","hentry","category-cronica"],"_links":{"self":[{"href":"https:\/\/www.radiopresidenteibanez.cl\/web\/wp-json\/wp\/v2\/posts\/57136","targetHints":{"allow":["GET"]}}],"collection":[{"href":"https:\/\/www.radiopresidenteibanez.cl\/web\/wp-json\/wp\/v2\/posts"}],"about":[{"href":"https:\/\/www.radiopresidenteibanez.cl\/web\/wp-json\/wp\/v2\/types\/post"}],"author":[{"embeddable":true,"href":"https:\/\/www.radiopresidenteibanez.cl\/web\/wp-json\/wp\/v2\/users\/2"}],"replies":[{"embeddable":true,"href":"https:\/\/www.radiopresidenteibanez.cl\/web\/wp-json\/wp\/v2\/comments?post=57136"}],"version-history":[{"count":0,"href":"https:\/\/www.radiopresidenteibanez.cl\/web\/wp-json\/wp\/v2\/posts\/57136\/revisions"}],"wp:featuredmedia":[{"embeddable":true,"href":"https:\/\/www.radiopresidenteibanez.cl\/web\/wp-json\/wp\/v2\/media\/57137"}],"wp:attachment":[{"href":"https:\/\/www.radiopresidenteibanez.cl\/web\/wp-json\/wp\/v2\/media?parent=57136"}],"wp:term":[{"taxonomy":"category","embeddable":true,"href":"https:\/\/www.radiopresidenteibanez.cl\/web\/wp-json\/wp\/v2\/categories?post=57136"},{"taxonomy":"post_tag","embeddable":true,"href":"https:\/\/www.radiopresidenteibanez.cl\/web\/wp-json\/wp\/v2\/tags?post=57136"}],"curies":[{"name":"wp","href":"https:\/\/api.w.org\/{rel}","templated":true}]}}