{"id":57130,"date":"2025-06-23T12:59:00","date_gmt":"2025-06-23T15:59:00","guid":{"rendered":"https:\/\/www.radiopresidenteibanez.cl\/web\/?p=57130"},"modified":"2025-06-23T11:30:55","modified_gmt":"2025-06-23T14:30:55","slug":"diputado-matheson-solicita-al-ejecutivo-la-distribucion-gratuita-de-vitamina-d-en-la-region-de-magallanes","status":"publish","type":"post","link":"https:\/\/www.radiopresidenteibanez.cl\/web\/diputado-matheson-solicita-al-ejecutivo-la-distribucion-gratuita-de-vitamina-d-en-la-region-de-magallanes\/","title":{"rendered":"Diputado Matheson solicita al Ejecutivo la distribuci\u00f3n gratuita de vitamina D en la Regi\u00f3n de Magallanes"},"content":{"rendered":"\n<p>Por medio de un proyecto de resoluci\u00f3n aprobado el pasado mi\u00e9rcoles en la C\u00e1mara de Diputados, el legislador magall\u00e1nico Christian Matheson, solicit\u00f3 al Presidente de la Rep\u00fablica, Gabriel Boric, que a trav\u00e9s del sistema p\u00fablico de salud se otorgue de forma gratuita suplementos de vitamina D a los habitantes de la regi\u00f3n de Magallanes, como as\u00ed tambi\u00e9n a los residentes de la Regi\u00f3n de Ays\u00e9n.<\/p>\n\n\n\n<p>El parlamentario record\u00f3 que \u201cambos territorios cuentan con diferencias sustanciales respecto del resto del pa\u00eds, lo que incluye horas de sol dis\u00edmiles en sus distintos puntos, existiendo poca exposici\u00f3n solar especialmente en meses de invierno, por lo que el Estado se debe hacer cargo de una problem\u00e1tica generalizada que afecta a quienes hacen patria en estas regiones\u201d.<\/p>\n\n\n\n<p>\u201cExiste consenso por la ciencia actual que, sin luz solar directa, el cuerpo humano no puede producir vitamina D suficiente\u201d, explic\u00f3 Matheson, junto con recalcar que dicho suplemento \u201ces un nutriente que permite la absorci\u00f3n de calcio y fosfato de los alimentos, lo que posibilita tener huesos y m\u00fasculos sanos, adem\u00e1s de permitir la obtenci\u00f3n de energ\u00eda y optimizar el funcionamiento del cuerpo\u201d.<\/p>\n\n\n\n<p>Sin ir m\u00e1s lejos, el diputado afirm\u00f3 que \u201clas deficiencias de Vitamina D se asocian fuertemente con el desarrollo de osteopenia, osteoporosis, algunos tipos de c\u00e1nceres, hiperplasia de la paratiroides,<br>diabetes tipo 1 y enfermedades cardiovasculares. Y en ni\u00f1os, el d\u00e9ficit de Vitamina D produce raquitismo, crecimiento \u00f3seo defectuoso\u201d.<\/p>\n\n\n\n<p>Por \u00faltimo, Matheson subray\u00f3 que existen numerosos estudios que han relacionado la falta de vitamina D con el desarrollo de la depresi\u00f3n, por lo que su suplementaci\u00f3n \u201cservir\u00eda para prevenir el suicidio y autolesi\u00f3n por los efectos f\u00edsicos que produce en el cuerpo\u201d.<\/p>\n","protected":false},"excerpt":{"rendered":"<p>Por medio de un proyecto de resoluci\u00f3n aprobado el pasado mi\u00e9rcoles en la C\u00e1mara de Diputados, el legislador magall\u00e1nico Christian Matheson, solicit\u00f3 al Presidente de la Rep\u00fablica, Gabriel Boric, que&#8230; <a class=\"read-more\" href=\"https:\/\/www.radiopresidenteibanez.cl\/web\/diputado-matheson-solicita-al-ejecutivo-la-distribucion-gratuita-de-vitamina-d-en-la-region-de-magallanes\/\">Leer m\u00e1s<\/a><\/p>\n","protected":false},"author":2,"featured_media":57131,"comment_status":"closed","ping_status":"closed","sticky":false,"template":"","format":"standard","meta":{"footnotes":""},"categories":[1],"tags":[],"class_list":["post-57130","post","type-post","status-publish","format-standard","has-post-thumbnail","hentry","category-cronica"],"_links":{"self":[{"href":"https:\/\/www.radiopresidenteibanez.cl\/web\/wp-json\/wp\/v2\/posts\/57130","targetHints":{"allow":["GET"]}}],"collection":[{"href":"https:\/\/www.radiopresidenteibanez.cl\/web\/wp-json\/wp\/v2\/posts"}],"about":[{"href":"https:\/\/www.radiopresidenteibanez.cl\/web\/wp-json\/wp\/v2\/types\/post"}],"author":[{"embeddable":true,"href":"https:\/\/www.radiopresidenteibanez.cl\/web\/wp-json\/wp\/v2\/users\/2"}],"replies":[{"embeddable":true,"href":"https:\/\/www.radiopresidenteibanez.cl\/web\/wp-json\/wp\/v2\/comments?post=57130"}],"version-history":[{"count":0,"href":"https:\/\/www.radiopresidenteibanez.cl\/web\/wp-json\/wp\/v2\/posts\/57130\/revisions"}],"wp:featuredmedia":[{"embeddable":true,"href":"https:\/\/www.radiopresidenteibanez.cl\/web\/wp-json\/wp\/v2\/media\/57131"}],"wp:attachment":[{"href":"https:\/\/www.radiopresidenteibanez.cl\/web\/wp-json\/wp\/v2\/media?parent=57130"}],"wp:term":[{"taxonomy":"category","embeddable":true,"href":"https:\/\/www.radiopresidenteibanez.cl\/web\/wp-json\/wp\/v2\/categories?post=57130"},{"taxonomy":"post_tag","embeddable":true,"href":"https:\/\/www.radiopresidenteibanez.cl\/web\/wp-json\/wp\/v2\/tags?post=57130"}],"curies":[{"name":"wp","href":"https:\/\/api.w.org\/{rel}","templated":true}]}}