{"id":57127,"date":"2025-06-23T11:56:00","date_gmt":"2025-06-23T14:56:00","guid":{"rendered":"https:\/\/www.radiopresidenteibanez.cl\/web\/?p=57127"},"modified":"2025-06-23T10:36:10","modified_gmt":"2025-06-23T13:36:10","slug":"umag-y-aguas-magallanes-actualizan-convenio-para-favorecer-practicas-e-investigacion","status":"publish","type":"post","link":"https:\/\/www.radiopresidenteibanez.cl\/web\/umag-y-aguas-magallanes-actualizan-convenio-para-favorecer-practicas-e-investigacion\/","title":{"rendered":"UMAG y Aguas Magallanes actualizan convenio para favorecer pr\u00e1cticas e investigaci\u00f3n"},"content":{"rendered":"\n<p>La Universidad de Magallanes y la empresa Aguas Magallanes oficializaron un convenio de cooperaci\u00f3n que ampl\u00eda y actualiza las acciones de pasant\u00edas o pr\u00e1cticas profesionales de las y los estudiantes de la instituci\u00f3n acad\u00e9mica como tambi\u00e9n las posibilidades de investigaciones en torno al agua.<\/p>\n\n\n\n<p>El rector de la UMAG,&nbsp;<strong>Jos\u00e9 Maripani Maripani<\/strong>&nbsp;y el gerente de Aguas Magallanes,&nbsp;<strong>Christian Adema Galetovic<\/strong>, firmaron los respectivos documentos del convenio.<\/p>\n\n\n\n<p>Adema resalt\u00f3 que, si bien Aguas Magallanes es una empresa de servicios que atiende a todas y todos sus clientes las 24 horas de los siete d\u00edas de la semana, tambi\u00e9n es una empresa vecina: \u201cVivimos en la regi\u00f3n y no podemos dejar de trabajar con la comunidad. Y una manera de hacerlo es tratar de trabajar con las universidades, con los centros de educaci\u00f3n de la ciudad. Queremos que los chicos hagan pr\u00e1cticas, queremos que hagan sus tesis, queremos que profesores de la Universidad de Magallanes investiguen en nuestras instalaciones, queremos ser un aula m\u00e1s, queremos ser hasta una facultad m\u00e1s de la Universidad de Magallanes. Felices de firmar este convenio\u201d, resalt\u00f3.<\/p>\n\n\n\n<p>Aguas Magallanes recibe cada verano entre 15 y 20 estudiantes que realizan sus pr\u00e1cticas profesionales y, actualmente, trabajan con 17 estudiantes de Pedagog\u00eda en Educaci\u00f3n Parvularia que intervienen en las comunidades ense\u00f1\u00e1ndoles a las ni\u00f1as y ni\u00f1os a entender el ciclo del agua. De esta forma, han realizado gu\u00edas para facilitar las visitas y ense\u00f1ar a los m\u00e1s peque\u00f1os. \u201cTodos los a\u00f1os tenemos ingenieros mec\u00e1nicos, ingenieros qu\u00edmicos, trabajadores sociales y educadoras de p\u00e1rvulo, haciendo alguna investigaci\u00f3n o haciendo alguna pr\u00e1ctica en nuestras instalaciones\u201d, acot\u00f3 el gerente.<\/p>\n\n\n\n<p>El rector Maripani, por su parte, valor\u00f3 la importancia de actualizar este convenio en tiempos donde el suministro de agua a las ciudades enfrenta desaf\u00edos toda vez que las cuencas de r\u00edos ya no tienen la abundancia de agua y aparece la opci\u00f3n de incorporar la desalaci\u00f3n de agua de mar para apoyar ese abastecimiento.<\/p>\n\n\n\n<p>\u201cLos desaf\u00edos son m\u00faltiples. Nos ofrecieron charlas sobre desalaci\u00f3n, dicen que tienen expertos en esas l\u00edneas, tema que nos interesa. Tenemos ingenier\u00eda qu\u00edmica, tenemos laboratorio de an\u00e1lisis de agua, pero tambi\u00e9n tenemos laboratorios que estudian contaminaci\u00f3n, as\u00ed que son muchas las tem\u00e1ticas que naturalmente son relevantes para nosotros\u201d, cerr\u00f3.<\/p>\n","protected":false},"excerpt":{"rendered":"<p>La Universidad de Magallanes y la empresa Aguas Magallanes oficializaron un convenio de cooperaci\u00f3n que ampl\u00eda y actualiza las acciones de pasant\u00edas o pr\u00e1cticas profesionales de las y los estudiantes&#8230; <a class=\"read-more\" href=\"https:\/\/www.radiopresidenteibanez.cl\/web\/umag-y-aguas-magallanes-actualizan-convenio-para-favorecer-practicas-e-investigacion\/\">Leer m\u00e1s<\/a><\/p>\n","protected":false},"author":2,"featured_media":57128,"comment_status":"closed","ping_status":"closed","sticky":false,"template":"","format":"standard","meta":{"footnotes":""},"categories":[1],"tags":[],"class_list":["post-57127","post","type-post","status-publish","format-standard","has-post-thumbnail","hentry","category-cronica"],"_links":{"self":[{"href":"https:\/\/www.radiopresidenteibanez.cl\/web\/wp-json\/wp\/v2\/posts\/57127","targetHints":{"allow":["GET"]}}],"collection":[{"href":"https:\/\/www.radiopresidenteibanez.cl\/web\/wp-json\/wp\/v2\/posts"}],"about":[{"href":"https:\/\/www.radiopresidenteibanez.cl\/web\/wp-json\/wp\/v2\/types\/post"}],"author":[{"embeddable":true,"href":"https:\/\/www.radiopresidenteibanez.cl\/web\/wp-json\/wp\/v2\/users\/2"}],"replies":[{"embeddable":true,"href":"https:\/\/www.radiopresidenteibanez.cl\/web\/wp-json\/wp\/v2\/comments?post=57127"}],"version-history":[{"count":0,"href":"https:\/\/www.radiopresidenteibanez.cl\/web\/wp-json\/wp\/v2\/posts\/57127\/revisions"}],"wp:featuredmedia":[{"embeddable":true,"href":"https:\/\/www.radiopresidenteibanez.cl\/web\/wp-json\/wp\/v2\/media\/57128"}],"wp:attachment":[{"href":"https:\/\/www.radiopresidenteibanez.cl\/web\/wp-json\/wp\/v2\/media?parent=57127"}],"wp:term":[{"taxonomy":"category","embeddable":true,"href":"https:\/\/www.radiopresidenteibanez.cl\/web\/wp-json\/wp\/v2\/categories?post=57127"},{"taxonomy":"post_tag","embeddable":true,"href":"https:\/\/www.radiopresidenteibanez.cl\/web\/wp-json\/wp\/v2\/tags?post=57127"}],"curies":[{"name":"wp","href":"https:\/\/api.w.org\/{rel}","templated":true}]}}