{"id":57117,"date":"2025-06-23T08:47:00","date_gmt":"2025-06-23T11:47:00","guid":{"rendered":"https:\/\/www.radiopresidenteibanez.cl\/web\/?p=57117"},"modified":"2025-06-23T08:20:35","modified_gmt":"2025-06-23T11:20:35","slug":"boletin-informativo-orbe-39","status":"publish","type":"post","link":"https:\/\/www.radiopresidenteibanez.cl\/web\/boletin-informativo-orbe-39\/","title":{"rendered":"BOLETIN INFORMATIVO ORBE"},"content":{"rendered":"\n<p>SANTIAGO.- La presidenta del Frente Amplio, Constanza<br>Mart\u00ednez, se refiri\u00f3 a la condena que realiz\u00f3 el presidente<br>Gabriel Boric del ataque de Estados Unidos a Ir\u00e1n. La timonel<br>asegur\u00f3 que \u00absostenemos una postura de total respaldo al<br>presidente Gabriel Boric, porque precisamente ha sido una<br>postura que no ha cambiado de posici\u00f3n dependiendo de cu\u00e1l es<br>el tema\u00bb. Con ello, insisti\u00f3 en que \u00abhay una convicci\u00f3n<br>profunda sobre que la paz es el \u00fanico camino\u00bb.<\/p>\n\n\n\n<p>SANTIAGO.- El exalcalde de La Florida, Rodolfo Carter,<br>entreg\u00f3 detalles de su rol en la campa\u00f1a presidencial de Jos\u00e9<br>Antonio Kast, enfatizando que no ser\u00e1 \u00abni vocero ni un rostro<br>importante\u00bb dentro del comando republicano, sino un \u00abobrero<br>m\u00e1s\u00bb en la \u00abreconstrucci\u00f3n de Chile\u00bb. \u00abNuestro candidato,<br>Jos\u00e9 Antonio Kast, y quienes lo apoyamos, estamos en una<br>mirada implacable frente al delito. No podemos tener una<br>nueva puerta giratoria\u00bb, adelant\u00f3 Carter.<\/p>\n\n\n\n<p>SANTIAGO.- La candidata presidencial de Chile Vamos, Evelyn<br>Matthei, encabez\u00f3 un encuentro con mujeres enfatizando que<br>\u00abhoy en Chile hay miles de mujeres que est\u00e1n cansadas,<br>preocupadas, sinti\u00e9ndose solas. Nos necesitan. Necesitan que<br>alguien las escuche y les hable con verdad. Esa voz son<br>ustedes\u00bb. Tambi\u00e9n, asever\u00f3 que \u00abnecesitamos estar abiertas a<br>escuchar a mujeres de todas las edades, regiones y<br>ocupaciones. Necesitamos sus voces, sus historias\u00bb.<\/p>\n\n\n\n<p>SANTIAGO.- El abanderado del Partido Nacional Libertario,<br>Johannes Kaiser, reiter\u00f3 que no se bajar\u00e1 en la carrera<br>presidencial pese a las estrecheces econ\u00f3micas que ha<br>admitido p\u00fablicamente. Kaiser, tambi\u00e9n, abord\u00f3 su baja en los<br>\u00faltimos sondeos se\u00f1alando que \u00abestuvimos trabajando muy<br>seriamente en la constituci\u00f3n del partido, eso nos quit\u00f3 un<br>poco el foco del tema electoral presidencial, no lo ten\u00edamos<br>considerado\u00bb.<\/p>\n\n\n\n<p>SANTIAGO.- Carabineros entreg\u00f3 un balance de los hechos<br>ocurridos en las calles y carreteras del pa\u00eds, en el marco<br>del fin de semana largo que se da por el D\u00eda de Los Pueblos<br>Ind\u00edgenas. La direcci\u00f3n nacional de Orden y Seguridad de la<br>instituci\u00f3n confirm\u00f3 un total de 17 fallecidos en un total de<br>320 siniestros de tr\u00e1nsito. Adem\u00e1s, se han cursado hasta este<br>domingo mil 620 infracciones de tr\u00e1nsito y se han detenido a<br>115 personas por diversos delitos.<\/p>\n\n\n\n<p>CONCEPCION.- Luis Jarpa, de 22 a\u00f1os, acusado de asesinar a su<br>hijastro con TEA en Talcahuano y que fue enviado a prisi\u00f3n<br>preventiva el pasado s\u00e1bado, fue hallado sin vida en el<br>Complejo Penitenciario Biob\u00edo. Mediante un comunicado,<br>Gendarmer\u00eda inform\u00f3 que \u00abel hecho qued\u00f3 al descubierto esta<br>ma\u00f1ana, siendo alertado por otro privado de libertad.<br>Preliminarmente, se estableci\u00f3 que no hubo participaci\u00f3n de<br>terceros\u00bb, se\u00f1al\u00f3 la instituci\u00f3n, que entreg\u00f3 los<br>antecedentes a la fiscal\u00eda.<\/p>\n","protected":false},"excerpt":{"rendered":"<p>SANTIAGO.- La presidenta del Frente Amplio, ConstanzaMart\u00ednez, se refiri\u00f3 a la condena que realiz\u00f3 el presidenteGabriel Boric del ataque de Estados Unidos a Ir\u00e1n. La timonelasegur\u00f3 que \u00absostenemos una postura&#8230; <a class=\"read-more\" href=\"https:\/\/www.radiopresidenteibanez.cl\/web\/boletin-informativo-orbe-39\/\">Leer m\u00e1s<\/a><\/p>\n","protected":false},"author":2,"featured_media":57118,"comment_status":"closed","ping_status":"closed","sticky":false,"template":"","format":"standard","meta":{"footnotes":""},"categories":[1],"tags":[],"class_list":["post-57117","post","type-post","status-publish","format-standard","has-post-thumbnail","hentry","category-cronica"],"_links":{"self":[{"href":"https:\/\/www.radiopresidenteibanez.cl\/web\/wp-json\/wp\/v2\/posts\/57117","targetHints":{"allow":["GET"]}}],"collection":[{"href":"https:\/\/www.radiopresidenteibanez.cl\/web\/wp-json\/wp\/v2\/posts"}],"about":[{"href":"https:\/\/www.radiopresidenteibanez.cl\/web\/wp-json\/wp\/v2\/types\/post"}],"author":[{"embeddable":true,"href":"https:\/\/www.radiopresidenteibanez.cl\/web\/wp-json\/wp\/v2\/users\/2"}],"replies":[{"embeddable":true,"href":"https:\/\/www.radiopresidenteibanez.cl\/web\/wp-json\/wp\/v2\/comments?post=57117"}],"version-history":[{"count":0,"href":"https:\/\/www.radiopresidenteibanez.cl\/web\/wp-json\/wp\/v2\/posts\/57117\/revisions"}],"wp:featuredmedia":[{"embeddable":true,"href":"https:\/\/www.radiopresidenteibanez.cl\/web\/wp-json\/wp\/v2\/media\/57118"}],"wp:attachment":[{"href":"https:\/\/www.radiopresidenteibanez.cl\/web\/wp-json\/wp\/v2\/media?parent=57117"}],"wp:term":[{"taxonomy":"category","embeddable":true,"href":"https:\/\/www.radiopresidenteibanez.cl\/web\/wp-json\/wp\/v2\/categories?post=57117"},{"taxonomy":"post_tag","embeddable":true,"href":"https:\/\/www.radiopresidenteibanez.cl\/web\/wp-json\/wp\/v2\/tags?post=57117"}],"curies":[{"name":"wp","href":"https:\/\/api.w.org\/{rel}","templated":true}]}}