{"id":57111,"date":"2025-06-22T16:14:00","date_gmt":"2025-06-22T19:14:00","guid":{"rendered":"https:\/\/www.radiopresidenteibanez.cl\/web\/?p=57111"},"modified":"2025-06-22T11:17:13","modified_gmt":"2025-06-22T14:17:13","slug":"trabajadores-y-empresa-se-unen-tabsa-concreto-donacion-a-coaniquem","status":"publish","type":"post","link":"https:\/\/www.radiopresidenteibanez.cl\/web\/trabajadores-y-empresa-se-unen-tabsa-concreto-donacion-a-coaniquem\/","title":{"rendered":"Trabajadores y empresa se unen: TABSA concret\u00f3 donaci\u00f3n a COANIQUEM"},"content":{"rendered":"\n<p>Mediante una campa\u00f1a 1+1 los colaboradores TABSA, en conjunto con la empresa, concretaron, este jueves, una donaci\u00f3n a la Corporaci\u00f3n de Ayuda al Ni\u00f1o Quemado (COANIQUEM) de Punta Arenas que super\u00f3 el mill\u00f3n ochocientos mil pesos. De esta forma, la compa\u00f1\u00eda concret\u00f3 por tercer a\u00f1o consecutivo este aporte econ\u00f3mico que busca respaldar la labor que realiza esta instituci\u00f3n en Magallanes en donde atiende a 45 pacientes en la actualidad. &nbsp;<\/p>\n\n\n\n<p>As\u00ed lo destac\u00f3 Rosa Z\u00fa\u00f1iga, Coordinadora Regional de COANIQUEM, quien junto con agradecer el aporte de TABSA, dijo que \u201ceste tipo de donaciones es fundamental para poder crecer, para seguir con la rehabilitaci\u00f3n de nuestros pacientes, que es fundamental, sobre todo en la regi\u00f3n donde ha aumentado la cantidad de ni\u00f1os con secuelas de quemaduras, principalmente con l\u00edquidos calientes\u201d.<\/p>\n\n\n\n<p>Asimismo, destac\u00f3 que COANIQUEN tambi\u00e9n atiende tambi\u00e9n a pacientes que requieren asistencia con la cicatrizaci\u00f3n de heridas provocadas por mordeduras de perros, accidentes automovil\u00edsticos y personas con tratamiento de labio leporino o con post operatorios.&nbsp;<\/p>\n\n\n\n<p>Crist\u00f3bal Kulczewski, Gerente General de TABSA hizo ver que anualmente, en Magallanes, se registran 750 ni\u00f1os con quemaduras y que, por ello, la labor de COANIQUEM es esencial. \u201cJunto a los trabajadores concretamos, por tercer a\u00f1o consecutivo, un aporte a esta noble instituci\u00f3n que tiene presencia en todo Chile y que atiende a pacientes de Magallanes lo que nos llena de orgullo\u201d, destac\u00f3 el ejecutivo.<\/p>\n","protected":false},"excerpt":{"rendered":"<p>Mediante una campa\u00f1a 1+1 los colaboradores TABSA, en conjunto con la empresa, concretaron, este jueves, una donaci\u00f3n a la Corporaci\u00f3n de Ayuda al Ni\u00f1o Quemado (COANIQUEM) de Punta Arenas que&#8230; <a class=\"read-more\" href=\"https:\/\/www.radiopresidenteibanez.cl\/web\/trabajadores-y-empresa-se-unen-tabsa-concreto-donacion-a-coaniquem\/\">Leer m\u00e1s<\/a><\/p>\n","protected":false},"author":2,"featured_media":57112,"comment_status":"closed","ping_status":"closed","sticky":false,"template":"","format":"standard","meta":{"footnotes":""},"categories":[1],"tags":[],"class_list":["post-57111","post","type-post","status-publish","format-standard","has-post-thumbnail","hentry","category-cronica"],"_links":{"self":[{"href":"https:\/\/www.radiopresidenteibanez.cl\/web\/wp-json\/wp\/v2\/posts\/57111","targetHints":{"allow":["GET"]}}],"collection":[{"href":"https:\/\/www.radiopresidenteibanez.cl\/web\/wp-json\/wp\/v2\/posts"}],"about":[{"href":"https:\/\/www.radiopresidenteibanez.cl\/web\/wp-json\/wp\/v2\/types\/post"}],"author":[{"embeddable":true,"href":"https:\/\/www.radiopresidenteibanez.cl\/web\/wp-json\/wp\/v2\/users\/2"}],"replies":[{"embeddable":true,"href":"https:\/\/www.radiopresidenteibanez.cl\/web\/wp-json\/wp\/v2\/comments?post=57111"}],"version-history":[{"count":0,"href":"https:\/\/www.radiopresidenteibanez.cl\/web\/wp-json\/wp\/v2\/posts\/57111\/revisions"}],"wp:featuredmedia":[{"embeddable":true,"href":"https:\/\/www.radiopresidenteibanez.cl\/web\/wp-json\/wp\/v2\/media\/57112"}],"wp:attachment":[{"href":"https:\/\/www.radiopresidenteibanez.cl\/web\/wp-json\/wp\/v2\/media?parent=57111"}],"wp:term":[{"taxonomy":"category","embeddable":true,"href":"https:\/\/www.radiopresidenteibanez.cl\/web\/wp-json\/wp\/v2\/categories?post=57111"},{"taxonomy":"post_tag","embeddable":true,"href":"https:\/\/www.radiopresidenteibanez.cl\/web\/wp-json\/wp\/v2\/tags?post=57111"}],"curies":[{"name":"wp","href":"https:\/\/api.w.org\/{rel}","templated":true}]}}