{"id":57104,"date":"2025-06-22T11:07:06","date_gmt":"2025-06-22T14:07:06","guid":{"rendered":"https:\/\/www.radiopresidenteibanez.cl\/web\/?p=57104"},"modified":"2025-06-22T11:07:22","modified_gmt":"2025-06-22T14:07:22","slug":"un-50-de-avance-presenta-el-conjunto-habitacional-francisco-bettancourt","status":"publish","type":"post","link":"https:\/\/www.radiopresidenteibanez.cl\/web\/un-50-de-avance-presenta-el-conjunto-habitacional-francisco-bettancourt\/","title":{"rendered":"Un 50% de avance presenta el conjunto habitacional Francisco Bettancourt"},"content":{"rendered":"\n<p>En un recorrido cargado de emoci\u00f3n, el seremi de Vivienda y Urbanismo,&nbsp;<strong>Marco Uribe Saldivia<\/strong>, y el director regional (s) del SERVIU,&nbsp;<strong>Omar Gonz\u00e1lez Asenjo<\/strong>, acompa\u00f1aron en una visita a las obras a las familias beneficiarias del proyecto habitacional \u201cFrancisco Bettancourt\u201d, ubicado en el sector sur de Punta Arenas.<\/p>\n\n\n\n<p>Este futuro condominio recibir\u00e1 a 14 familias acreditadas como v\u00edctimas de prisi\u00f3n pol\u00edtica y tortura, en el marco del Informe Valech. Su nombre rinde homenaje a Francisco Bettancourt Bahamonde, \u00fanico detenido desaparecido calificado en la regi\u00f3n de Magallanes y de la Ant\u00e1rtica Chilena.<\/p>\n\n\n\n<p>\u201cEste proyecto, impulsado en el marco de la conmemoraci\u00f3n de los 50 a\u00f1os de la dictadura c\u00edvico-militar, beneficiar\u00e1 a 14 familias, mayoritariamente personas mayores, que han esperado toda una vida por su hogar definitivo. Nuestro compromiso es entregarles sus viviendas dentro de este a\u00f1o, materializando as\u00ed un anhelo largamente postergado\u201d, valor\u00f3 el seremi del Minvu, Marco Uribe Saldivia.<\/p>\n\n\n\n<p>La iniciativa, que forma parte del Plan de Emergencia Habitacional del Minvu, contempla la construcci\u00f3n de 14 viviendas individuales, una de ellas especialmente dise\u00f1ada para una persona con movilidad reducida.<\/p>\n\n\n\n<p>\u201cEl proyecto contempla 14 viviendas de 64m\u00b2, una de ellas especialmente adaptada para personas con movilidad reducida. Est\u00e1n agrupadas en r\u00e9gimen de condominio sobre un terreno de propiedad del SERVIU, ubicado a pocos metros de una avenida principal y cercano al transporte p\u00fablico y un establecimiento de salud\u201d, inform\u00f3 el director (s) Omar Gonz\u00e1lez.<\/p>\n\n\n\n<p>La autoridad agreg\u00f3 que el condominio tendr\u00e1 una calle interior con un sistema de iluminaci\u00f3n y cableado totalmente soterrado, evitando tendidos a la vista y mejorando la est\u00e9tica del conjunto. \u201cEl condominio tendr\u00e1 cierre perimetral con reja para resguardar la seguridad de las familias, quienes, junto a la entidad patrocinante, han trabajado en la conformaci\u00f3n de la copropiedad que administrar\u00e1 los espacios comunes y servicios del recinto, facilitando as\u00ed un acceso expedito a transporte, salud y otros servicios esenciales\u201d, destac\u00f3.<\/p>\n\n\n\n<p>Todas las viviendas se ejecutan bajo altos est\u00e1ndares de calidad y eficiencia energ\u00e9tica, e incorporan calefacci\u00f3n central, ventanas de doble vidriado, aislaci\u00f3n t\u00e9rmica y terminaciones interiores completas. Actualmente, el avance de obra alcanza el 50% y se proyecta su entrega para fines de este a\u00f1o.<\/p>\n\n\n\n<p>\u201cLas viviendas est\u00e1n muy bien, realmente muy buenas. Yo podr\u00eda hablar toda la ma\u00f1ana sobre lo maravilloso que es esto. Principalmente, quiero expresar un profundo agradecimiento al Estado de Chile, porque este proyecto representa un acto de reparaci\u00f3n. Es el resultado de una larga lucha, una lucha que en esta zona se manifest\u00f3 justamente en la b\u00fasqueda de reparaci\u00f3n\u201d, declar\u00f3&nbsp;<strong>Carlos Speake Vidal<\/strong>, representante de las familias.<\/p>\n\n\n\n<p>Las obras est\u00e1n a cargo de la empresa Salfa S.A., con la entidad patrocinante Inmobiliaria Salfa Austral. El conjunto se construye gracias a una inversi\u00f3n de 1.493 millones de pesos, financiada con subsidios del Fondo Solidario de Elecci\u00f3n de Vivienda (DS49) y recursos del Gobierno Regional.<\/p>\n\n\n\n<p>\u201cEsta es la primera visita que hacemos a la construcci\u00f3n de estas viviendas, que son una forma de reparaci\u00f3n para ex presos pol\u00edticos. Estamos muy agradecidos por lo que est\u00e1 ocurriendo en este momento, y es una gran alegr\u00eda ver que, despu\u00e9s de m\u00e1s de 10 a\u00f1os de espera, por fin esta reparaci\u00f3n se est\u00e1 concretando. La verdad, no imaginamos que avanzar\u00eda tan r\u00e1pido, nos han dado fechas muy pr\u00f3ximas para la entrega, as\u00ed que estamos m\u00e1s que felices\u201d, coment\u00f3&nbsp;<strong>Pamela Saldivia<\/strong>, beneficiaria del proyecto.<\/p>\n\n\n\n<p>Actualmente, 53 personas trabajan en la obra, entre ellas siete mujeres. Para muchas y muchos de los beneficiarios, este avance representa el cierre de una larga espera de justicia social y habitacional. Ocho de las catorce personas postularon con un n\u00facleo familiar, mientras que seis lo hicieron de forma unipersonal, con edades que oscilan entre los 69 y 93 a\u00f1os.<\/p>\n\n\n\n<p>El Ministerio de Vivienda y Urbanismo reitera su compromiso con la reparaci\u00f3n y la dignidad, avanzando en proyectos que contribuyen a construir ciudades m\u00e1s justas y territorios con memoria.<\/p>\n","protected":false},"excerpt":{"rendered":"<p>En un recorrido cargado de emoci\u00f3n, el seremi de Vivienda y Urbanismo,&nbsp;Marco Uribe Saldivia, y el director regional (s) del SERVIU,&nbsp;Omar Gonz\u00e1lez Asenjo, acompa\u00f1aron en una visita a las obras&#8230; <a class=\"read-more\" href=\"https:\/\/www.radiopresidenteibanez.cl\/web\/un-50-de-avance-presenta-el-conjunto-habitacional-francisco-bettancourt\/\">Leer m\u00e1s<\/a><\/p>\n","protected":false},"author":2,"featured_media":57105,"comment_status":"closed","ping_status":"closed","sticky":false,"template":"","format":"standard","meta":{"footnotes":""},"categories":[1],"tags":[],"class_list":["post-57104","post","type-post","status-publish","format-standard","has-post-thumbnail","hentry","category-cronica"],"_links":{"self":[{"href":"https:\/\/www.radiopresidenteibanez.cl\/web\/wp-json\/wp\/v2\/posts\/57104","targetHints":{"allow":["GET"]}}],"collection":[{"href":"https:\/\/www.radiopresidenteibanez.cl\/web\/wp-json\/wp\/v2\/posts"}],"about":[{"href":"https:\/\/www.radiopresidenteibanez.cl\/web\/wp-json\/wp\/v2\/types\/post"}],"author":[{"embeddable":true,"href":"https:\/\/www.radiopresidenteibanez.cl\/web\/wp-json\/wp\/v2\/users\/2"}],"replies":[{"embeddable":true,"href":"https:\/\/www.radiopresidenteibanez.cl\/web\/wp-json\/wp\/v2\/comments?post=57104"}],"version-history":[{"count":0,"href":"https:\/\/www.radiopresidenteibanez.cl\/web\/wp-json\/wp\/v2\/posts\/57104\/revisions"}],"wp:featuredmedia":[{"embeddable":true,"href":"https:\/\/www.radiopresidenteibanez.cl\/web\/wp-json\/wp\/v2\/media\/57105"}],"wp:attachment":[{"href":"https:\/\/www.radiopresidenteibanez.cl\/web\/wp-json\/wp\/v2\/media?parent=57104"}],"wp:term":[{"taxonomy":"category","embeddable":true,"href":"https:\/\/www.radiopresidenteibanez.cl\/web\/wp-json\/wp\/v2\/categories?post=57104"},{"taxonomy":"post_tag","embeddable":true,"href":"https:\/\/www.radiopresidenteibanez.cl\/web\/wp-json\/wp\/v2\/tags?post=57104"}],"curies":[{"name":"wp","href":"https:\/\/api.w.org\/{rel}","templated":true}]}}